{"id":9340,"date":"2025-04-17T19:17:54","date_gmt":"2025-04-17T17:17:54","guid":{"rendered":"https:\/\/www.sv-lengede.de\/svl\/?p=9340"},"modified":"2025-04-17T19:17:56","modified_gmt":"2025-04-17T17:17:56","slug":"heimspiel-wochenende-beim-sv-lengede","status":"publish","type":"post","link":"https:\/\/www.sv-lengede.de\/svl\/heimspiel-wochenende-beim-sv-lengede\/","title":{"rendered":"Heimspiel-Wochenende beim SV Lengede!"},"content":{"rendered":"\n<p><strong>Heimspielzeit in Lengede! &#x1f525;&#x26bd;<\/strong><\/p>\n\n\n\n<p>Am&nbsp;<strong>Montag, den 21. April<\/strong>, hei\u00dft es wieder:&nbsp;<em>Anpfiff auf dem A-Platz!<\/em>&nbsp;Um&nbsp;<strong>15:00 Uhr<\/strong>&nbsp;startet das Spiel am&nbsp;<strong>Schachtweg 1<\/strong>\u2013 unsere Jungs freuen sich auf eure Unterst\u00fctzung von der Seitenlinie! &#x1f64c;<\/p>\n\n\n\n<p>Kommt vorbei, bringt gute Laune mit und feuert unser Team an \u2013 jeder Zuruf z\u00e4hlt! &#x1f4a5;<\/p>\n\n\n\n<p>Auch abseits des Platzes ist f\u00fcr euer leibliches Wohl gesorgt: Die\u00a0<strong>Vereinsgastst\u00e4tte<\/strong>\u00a0hat ge\u00f6ffnet und versorgt euch mit k\u00fchlen Getr\u00e4nken und leckerem Essen \u2013 ob vor dem Spiel, in der Halbzeit oder danach. &#x1f37a;&#x1f32d;<\/p>\n\n\n\n<p><strong>Gemeinsam f\u00fcr den SV Lengede \u2013 wir z\u00e4hlen auf euch!<\/strong><\/p>\n\n\n\n<figure class=\"wp-block-image size-full\"><img fetchpriority=\"high\" decoding=\"async\" width=\"14177\" height=\"18900\" src=\"https:\/\/www.sv-lengede.de\/svl\/wp-content\/uploads\/2025\/04\/Spielanzeiger-21.4.jpg\" alt=\"\" class=\"wp-image-9343\"\/><\/figure>\n\n\n\n<p><\/p>\n","protected":false},"excerpt":{"rendered":"<p>Heimspielzeit in Lengede! &#x1f525;&#x26bd; Am&nbsp;Montag, den 21. April, hei\u00dft es wieder:&nbsp;Anpfiff auf dem A-Platz!&nbsp;Um&nbsp;15:00 Uhr&nbsp;startet das Spiel am&nbsp;Schachtweg 1\u2013 unsere Jungs freuen<\/p>\n<p class=\"link-more\"><a class=\"myButt \" href=\"https:\/\/www.sv-lengede.de\/svl\/heimspiel-wochenende-beim-sv-lengede\/\">Read More<\/a><\/p>\n","protected":false},"author":1,"featured_media":9343,"comment_status":"closed","ping_status":"closed","sticky":false,"template":"","format":"standard","meta":{"footnotes":""},"categories":[32,4],"tags":[],"class_list":["post-9340","post","type-post","status-publish","format-standard","has-post-thumbnail","hentry","category-1herren","category-fussball"],"rttpg_featured_image_url":{"full":["https:\/\/www.sv-lengede.de\/svl\/wp-content\/uploads\/2025\/04\/Spielanzeiger-21.4.jpg",14177,18900,false],"landscape":["https:\/\/www.sv-lengede.de\/svl\/wp-content\/uploads\/2025\/04\/Spielanzeiger-21.4.jpg",14177,18900,false],"portraits":["https:\/\/www.sv-lengede.de\/svl\/wp-content\/uploads\/2025\/04\/Spielanzeiger-21.4.jpg",14177,18900,false],"thumbnail":["https:\/\/www.sv-lengede.de\/svl\/wp-content\/uploads\/2025\/04\/Spielanzeiger-21.4.jpg",113,150,false],"medium":["https:\/\/www.sv-lengede.de\/svl\/wp-content\/uploads\/2025\/04\/Spielanzeiger-21.4.jpg",225,300,false],"large":["https:\/\/www.sv-lengede.de\/svl\/wp-content\/uploads\/2025\/04\/Spielanzeiger-21.4.jpg",640,853,false],"1536x1536":["https:\/\/www.sv-lengede.de\/svl\/wp-content\/uploads\/2025\/04\/Spielanzeiger-21.4.jpg",1152,1536,false],"2048x2048":["https:\/\/www.sv-lengede.de\/svl\/wp-content\/uploads\/2025\/04\/Spielanzeiger-21.4.jpg",1536,2048,false],"rt_custom":["https:\/\/www.sv-lengede.de\/svl\/wp-content\/uploads\/2025\/04\/Spielanzeiger-21.4.jpg",14177,18900,false]},"rttpg_author":{"display_name":"svladmin","author_link":"https:\/\/www.sv-lengede.de\/svl\/author\/svladmin\/"},"rttpg_comment":0,"rttpg_category":"<a href=\"https:\/\/www.sv-lengede.de\/svl\/category\/fussball\/1herren\/\" rel=\"category tag\">1. Herren<\/a> <a href=\"https:\/\/www.sv-lengede.de\/svl\/category\/fussball\/\" rel=\"category tag\">Fu\u00dfball<\/a>","rttpg_excerpt":"Heimspielzeit in Lengede! &#x1f525;&#x26bd; Am&nbsp;Montag, den 21. April, hei\u00dft es wieder:&nbsp;Anpfiff auf dem A-Platz!&nbsp;Um&nbsp;15:00 Uhr&nbsp;startet das Spiel am&nbsp;Schachtweg 1\u2013 unsere Jungs freuenRead More","_links":{"self":[{"href":"https:\/\/www.sv-lengede.de\/svl\/wp-json\/wp\/v2\/posts\/9340","targetHints":{"allow":["GET"]}}],"collection":[{"href":"https:\/\/www.sv-lengede.de\/svl\/wp-json\/wp\/v2\/posts"}],"about":[{"href":"https:\/\/www.sv-lengede.de\/svl\/wp-json\/wp\/v2\/types\/post"}],"author":[{"embeddable":true,"href":"https:\/\/www.sv-lengede.de\/svl\/wp-json\/wp\/v2\/users\/1"}],"replies":[{"embeddable":true,"href":"https:\/\/www.sv-lengede.de\/svl\/wp-json\/wp\/v2\/comments?post=9340"}],"version-history":[{"count":2,"href":"https:\/\/www.sv-lengede.de\/svl\/wp-json\/wp\/v2\/posts\/9340\/revisions"}],"predecessor-version":[{"id":9345,"href":"https:\/\/www.sv-lengede.de\/svl\/wp-json\/wp\/v2\/posts\/9340\/revisions\/9345"}],"wp:featuredmedia":[{"embeddable":true,"href":"https:\/\/www.sv-lengede.de\/svl\/wp-json\/wp\/v2\/media\/9343"}],"wp:attachment":[{"href":"https:\/\/www.sv-lengede.de\/svl\/wp-json\/wp\/v2\/media?parent=9340"}],"wp:term":[{"taxonomy":"category","embeddable":true,"href":"https:\/\/www.sv-lengede.de\/svl\/wp-json\/wp\/v2\/categories?post=9340"},{"taxonomy":"post_tag","embeddable":true,"href":"https:\/\/www.sv-lengede.de\/svl\/wp-json\/wp\/v2\/tags?post=9340"}],"curies":[{"name":"wp","href":"https:\/\/api.w.org\/{rel}","templated":true}]}}