{"id":9297,"date":"2025-03-20T18:11:49","date_gmt":"2025-03-20T17:11:49","guid":{"rendered":"https:\/\/www.sv-lengede.de\/svl\/?p=9297"},"modified":"2025-03-20T18:24:34","modified_gmt":"2025-03-20T17:24:34","slug":"vertragsverlaengerung-mit-trainerteam-sean-krebs-und-sascha-fassa","status":"publish","type":"post","link":"https:\/\/www.sv-lengede.de\/svl\/vertragsverlaengerung-mit-trainerteam-sean-krebs-und-sascha-fassa\/","title":{"rendered":"Vertragsverl\u00e4ngerung mit Trainerteam Sean Krebs und Sascha Fassa"},"content":{"rendered":"\n<div class=\"wp-block-group alignwide is-layout-grid wp-container-core-group-is-layout-9649a0d9 wp-block-group-is-layout-grid\">\n<figure class=\"wp-block-image size-full wp-container-content-69bc4bdf\"><img fetchpriority=\"high\" decoding=\"async\" width=\"1800\" height=\"2247\" src=\"https:\/\/www.sv-lengede.de\/svl\/wp-content\/uploads\/2024\/10\/5AAE32C9-D1F5-456B-8905-00C7F02C5752.jpeg\" alt=\"\" class=\"wp-image-9224\" srcset=\"https:\/\/www.sv-lengede.de\/svl\/wp-content\/uploads\/2024\/10\/5AAE32C9-D1F5-456B-8905-00C7F02C5752.jpeg 1800w, https:\/\/www.sv-lengede.de\/svl\/wp-content\/uploads\/2024\/10\/5AAE32C9-D1F5-456B-8905-00C7F02C5752-240x300.jpeg 240w, https:\/\/www.sv-lengede.de\/svl\/wp-content\/uploads\/2024\/10\/5AAE32C9-D1F5-456B-8905-00C7F02C5752-768x959.jpeg 768w, https:\/\/www.sv-lengede.de\/svl\/wp-content\/uploads\/2024\/10\/5AAE32C9-D1F5-456B-8905-00C7F02C5752-1230x1536.jpeg 1230w, https:\/\/www.sv-lengede.de\/svl\/wp-content\/uploads\/2024\/10\/5AAE32C9-D1F5-456B-8905-00C7F02C5752-1641x2048.jpeg 1641w\" sizes=\"(max-width: 1800px) 100vw, 1800px\" \/><figcaption class=\"wp-element-caption\">Sean Krebs<\/figcaption><\/figure>\n\n\n\n<figure class=\"wp-block-image size-full wp-container-content-69bc4bdf\"><img decoding=\"async\" width=\"800\" height=\"1067\" src=\"https:\/\/www.sv-lengede.de\/svl\/wp-content\/uploads\/2024\/10\/D0F58FD1-88FA-4E88-9789-D1DF98C26F2B.jpeg\" alt=\"\" class=\"wp-image-9223\" srcset=\"https:\/\/www.sv-lengede.de\/svl\/wp-content\/uploads\/2024\/10\/D0F58FD1-88FA-4E88-9789-D1DF98C26F2B.jpeg 800w, https:\/\/www.sv-lengede.de\/svl\/wp-content\/uploads\/2024\/10\/D0F58FD1-88FA-4E88-9789-D1DF98C26F2B-225x300.jpeg 225w, https:\/\/www.sv-lengede.de\/svl\/wp-content\/uploads\/2024\/10\/D0F58FD1-88FA-4E88-9789-D1DF98C26F2B-768x1024.jpeg 768w\" sizes=\"(max-width: 800px) 100vw, 800px\" \/><figcaption class=\"wp-element-caption\">Sascha Fassa<\/figcaption><\/figure>\n<\/div>\n\n\n\n<p><br>Der Sportverein Lengede freut sich, \u00fcber die Vertragsverl\u00e4ngerung mit unserem Trainerteam Sean Krebs und Sascha Fassa f\u00fcr die kommende Saison.<br>Nach einem herausfordernden Umbruch zu Beginn der aktuellen Spielzeit haben die beiden mit gro\u00dfem Engagement ein leistungsf\u00e4higes Team geformt.<br>Neben der taktischen und spielerischen Entwicklung lobt der Verein auch, dass das Trainerteam junge Talente mit Erfolg in die Mannschaft integriert hat. <br>Beide Trainer sind mit Feuereifer bei der Sache und gehen gerade mit den ganz jungen Leuten prima um.<\/p>\n\n\n\n<p>Die gute Entwicklung unserer Spieler spricht f\u00fcr die hervorragende Arbeit des Trainerduos, und wir sind \u00fcberzeugt, gemeinsam den erfolgreichen Weg fortzusetzen. Noch ben\u00f6tigen wir die wichtigen Erfolge, um aus dem Tabellenkeller auf einen sicheren Nichtabstiegsplatz zu kommen.<\/p>\n\n\n\n<p>Unser Ziel bleibt es, die noch ausstehenden Spiele erfolgreich zu gestalten und die Klasse zu halten. Wir sind zuversichtlich, dass wir mit Sean Krebs und Sascha Fassa auch in der kommenden Saison in der Landesliga antreten werden.<\/p>\n\n\n\n<p>&#8222;Wir wollten unbedingt, dass das Gespann Krebs und Fassa weitermacht, und sind gl\u00fccklich, dass beide ihre tolle Arbeit im Verein fortsetzen&#8220;, betonen der SVL Vorsitzende Wolfgang Werner und der Fu\u00dfballobmann Bj\u00f6rn Ratajczak. Die Arbeit mit dem Duo Krebs\/Fassa ist aus Sicht des Vereins langfristig angelegt. Mit den Trainern m\u00f6chten wir den Weg der Identifikation mit Verein und der Region weitergehen und wie in den letzten Jahren die eigene gute Nachwuchsarbeit weiter ausbauen. Deshalb setzen wir auf einer der wichtigsten Positionen in der Fu\u00dfballabteilung sowie im Verein auf Kontinuit\u00e4t&#8220; erl\u00e4utert Wolfgang Werner, Vorsitzender des SV Lengede\u201c<\/p>\n\n\n\n<p>Gl\u00fcckauf<br>Wolfgang Werner<br>Vorsitzender<br>Sportverein Lengede von 1912 e.V.<\/p>\n\n\n\n<div data-wp-interactive=\"core\/file\" class=\"wp-block-file\"><object data-wp-bind--hidden=\"!state.hasPdfPreview\" hidden class=\"wp-block-file__embed\" data=\"https:\/\/www.sv-lengede.de\/svl\/wp-content\/uploads\/2025\/03\/Vertragsverlaengerung-Sean-Krebs-Sascha-Fassa-15.03.2025.pdf\" type=\"application\/pdf\" style=\"width:100%;height:600px\" aria-label=\"Einbettung von Vertragsverl\u00e4ngerung Sean Krebs Sascha Fassa 15.03.2025.\"><\/object><a id=\"wp-block-file--media-585f56a7-a690-4984-b0b1-69a0954ff84d\" href=\"https:\/\/www.sv-lengede.de\/svl\/wp-content\/uploads\/2025\/03\/Vertragsverlaengerung-Sean-Krebs-Sascha-Fassa-15.03.2025.pdf\">Vertragsverl\u00e4ngerung Sean Krebs Sascha Fassa 15.03.2025<\/a><a href=\"https:\/\/www.sv-lengede.de\/svl\/wp-content\/uploads\/2025\/03\/Vertragsverlaengerung-Sean-Krebs-Sascha-Fassa-15.03.2025.pdf\" class=\"wp-block-file__button wp-element-button\" download aria-describedby=\"wp-block-file--media-585f56a7-a690-4984-b0b1-69a0954ff84d\">Herunterladen<\/a><\/div>\n\n\n\n<p><\/p>\n\n\n\n<p><\/p>\n","protected":false},"excerpt":{"rendered":"<p>Der Sportverein Lengede freut sich, \u00fcber die Vertragsverl\u00e4ngerung mit unserem Trainerteam Sean Krebs und Sascha Fassa f\u00fcr die kommende Saison.Nach einem herausfordernden<\/p>\n<p class=\"link-more\"><a class=\"myButt \" href=\"https:\/\/www.sv-lengede.de\/svl\/vertragsverlaengerung-mit-trainerteam-sean-krebs-und-sascha-fassa\/\">Read More<\/a><\/p>\n","protected":false},"author":1,"featured_media":9111,"comment_status":"closed","ping_status":"closed","sticky":false,"template":"","format":"standard","meta":{"footnotes":""},"categories":[32,4,1],"tags":[],"class_list":["post-9297","post","type-post","status-publish","format-standard","has-post-thumbnail","hentry","category-1herren","category-fussball","category-verein"],"rttpg_featured_image_url":{"full":["https:\/\/www.sv-lengede.de\/svl\/wp-content\/uploads\/2024\/03\/pexels-fabricio-trujillo-54567.jpg",1922,1080,false],"landscape":["https:\/\/www.sv-lengede.de\/svl\/wp-content\/uploads\/2024\/03\/pexels-fabricio-trujillo-54567.jpg",1922,1080,false],"portraits":["https:\/\/www.sv-lengede.de\/svl\/wp-content\/uploads\/2024\/03\/pexels-fabricio-trujillo-54567.jpg",1922,1080,false],"thumbnail":["https:\/\/www.sv-lengede.de\/svl\/wp-content\/uploads\/2024\/03\/pexels-fabricio-trujillo-54567-150x150.jpg",150,150,true],"medium":["https:\/\/www.sv-lengede.de\/svl\/wp-content\/uploads\/2024\/03\/pexels-fabricio-trujillo-54567-300x169.jpg",300,169,true],"large":["https:\/\/www.sv-lengede.de\/svl\/wp-content\/uploads\/2024\/03\/pexels-fabricio-trujillo-54567.jpg",640,360,false],"1536x1536":["https:\/\/www.sv-lengede.de\/svl\/wp-content\/uploads\/2024\/03\/pexels-fabricio-trujillo-54567-1536x863.jpg",1536,863,true],"2048x2048":["https:\/\/www.sv-lengede.de\/svl\/wp-content\/uploads\/2024\/03\/pexels-fabricio-trujillo-54567.jpg",1922,1080,false],"rt_custom":["https:\/\/www.sv-lengede.de\/svl\/wp-content\/uploads\/2024\/03\/pexels-fabricio-trujillo-54567.jpg",1922,1080,false]},"rttpg_author":{"display_name":"svladmin","author_link":"https:\/\/www.sv-lengede.de\/svl\/author\/svladmin\/"},"rttpg_comment":0,"rttpg_category":"<a href=\"https:\/\/www.sv-lengede.de\/svl\/category\/fussball\/1herren\/\" rel=\"category tag\">1. Herren<\/a> <a href=\"https:\/\/www.sv-lengede.de\/svl\/category\/fussball\/\" rel=\"category tag\">Fu\u00dfball<\/a> <a href=\"https:\/\/www.sv-lengede.de\/svl\/category\/verein\/\" rel=\"category tag\">Verein<\/a>","rttpg_excerpt":"Der Sportverein Lengede freut sich, \u00fcber die Vertragsverl\u00e4ngerung mit unserem Trainerteam Sean Krebs und Sascha Fassa f\u00fcr die kommende Saison.Nach einem herausforderndenRead More","_links":{"self":[{"href":"https:\/\/www.sv-lengede.de\/svl\/wp-json\/wp\/v2\/posts\/9297","targetHints":{"allow":["GET"]}}],"collection":[{"href":"https:\/\/www.sv-lengede.de\/svl\/wp-json\/wp\/v2\/posts"}],"about":[{"href":"https:\/\/www.sv-lengede.de\/svl\/wp-json\/wp\/v2\/types\/post"}],"author":[{"embeddable":true,"href":"https:\/\/www.sv-lengede.de\/svl\/wp-json\/wp\/v2\/users\/1"}],"replies":[{"embeddable":true,"href":"https:\/\/www.sv-lengede.de\/svl\/wp-json\/wp\/v2\/comments?post=9297"}],"version-history":[{"count":4,"href":"https:\/\/www.sv-lengede.de\/svl\/wp-json\/wp\/v2\/posts\/9297\/revisions"}],"predecessor-version":[{"id":9304,"href":"https:\/\/www.sv-lengede.de\/svl\/wp-json\/wp\/v2\/posts\/9297\/revisions\/9304"}],"wp:featuredmedia":[{"embeddable":true,"href":"https:\/\/www.sv-lengede.de\/svl\/wp-json\/wp\/v2\/media\/9111"}],"wp:attachment":[{"href":"https:\/\/www.sv-lengede.de\/svl\/wp-json\/wp\/v2\/media?parent=9297"}],"wp:term":[{"taxonomy":"category","embeddable":true,"href":"https:\/\/www.sv-lengede.de\/svl\/wp-json\/wp\/v2\/categories?post=9297"},{"taxonomy":"post_tag","embeddable":true,"href":"https:\/\/www.sv-lengede.de\/svl\/wp-json\/wp\/v2\/tags?post=9297"}],"curies":[{"name":"wp","href":"https:\/\/api.w.org\/{rel}","templated":true}]}}