{"id":9081,"date":"2024-02-23T08:57:30","date_gmt":"2024-02-23T07:57:30","guid":{"rendered":"https:\/\/www.sv-lengede.de\/svl\/?p=9081"},"modified":"2024-03-03T09:02:13","modified_gmt":"2024-03-03T08:02:13","slug":"1-herren-landesliga-erste-punktspiel-mit-neuem-trainer","status":"publish","type":"post","link":"https:\/\/www.sv-lengede.de\/svl\/1-herren-landesliga-erste-punktspiel-mit-neuem-trainer\/","title":{"rendered":"1. Herren Landesliga &#8211; erste Punktspiel mit neuem Trainer"},"content":{"rendered":"\n<div class=\"wp-block-media-text is-stacked-on-mobile\"><figure class=\"wp-block-media-text__media\"><img fetchpriority=\"high\" decoding=\"async\" width=\"1200\" height=\"1600\" src=\"https:\/\/www.sv-lengede.de\/svl\/wp-content\/uploads\/2024\/03\/WhatsApp-Image-2024-02-24-at-10.09.12.jpeg\" alt=\"\" class=\"wp-image-9082 size-full\" srcset=\"https:\/\/www.sv-lengede.de\/svl\/wp-content\/uploads\/2024\/03\/WhatsApp-Image-2024-02-24-at-10.09.12.jpeg 1200w, https:\/\/www.sv-lengede.de\/svl\/wp-content\/uploads\/2024\/03\/WhatsApp-Image-2024-02-24-at-10.09.12-225x300.jpeg 225w, https:\/\/www.sv-lengede.de\/svl\/wp-content\/uploads\/2024\/03\/WhatsApp-Image-2024-02-24-at-10.09.12-768x1024.jpeg 768w, https:\/\/www.sv-lengede.de\/svl\/wp-content\/uploads\/2024\/03\/WhatsApp-Image-2024-02-24-at-10.09.12-1152x1536.jpeg 1152w\" sizes=\"(max-width: 1200px) 100vw, 1200px\" \/><\/figure><div class=\"wp-block-media-text__content\">\n<p class=\"has-medium-font-size\"><strong>Das erste Puxnktspiel mit unserem neuen Trainer-Team steht am Sonntag gegen&nbsp;<a href=\"https:\/\/www.instagram.com\/svg_goettingen\/\">@svg_goettingen<\/a>&nbsp;an. Seit Mitte Januar d\u00fcrfen wir Sebastian Pasemann als Co-Trainer bei uns begr\u00fc\u00dfen.&nbsp;<a href=\"https:\/\/www.instagram.com\/bastipase\/\">@bastipase<\/a>&nbsp;hat sich w\u00e4hrend der Vorbereitungszeit schon gut ins Team eingelebt und durfte uns bei einigen Testspielen alleine coachen. Basti, willkommen im Team! Vielen Dank an&nbsp;<a href=\"https:\/\/www.instagram.com\/viktoriawoltwiesche\/\">@viktoriawoltwiesche<\/a>&nbsp;, dass ihr dem Wechsel zugestimmt habt!&nbsp;<a href=\"https:\/\/www.instagram.com\/explore\/tags\/gl%C3%BCckauf\/\">#gl\u00fcckauf<\/a>&nbsp;<a href=\"https:\/\/www.instagram.com\/explore\/tags\/lengede\/\">#lengede<\/a><a href=\"https:\/\/www.instagram.com\/explore\/tags\/landesligabraunschweig\/\">#landesligabraunschweig<\/a><a href=\"https:\/\/www.instagram.com\/explore\/tags\/svlengede\/\">#svlengede<\/a>&nbsp;<a href=\"https:\/\/www.instagram.com\/explore\/tags\/cotrainer\/\">#cotrainer<\/a>&nbsp;<a href=\"https:\/\/www.instagram.com\/explore\/tags\/fu%C3%9Fball\/\">#fu\u00dfball<\/a><a href=\"https:\/\/www.instagram.com\/explore\/tags\/fu%C3%9Fballliebe\/\">#fu\u00dfballliebe<\/a>&nbsp;<a href=\"https:\/\/www.instagram.com\/explore\/tags\/trainerteam\/\">#trainerteam<\/a><a href=\"https:\/\/www.instagram.com\/explore\/tags\/zusammenhalt\/\">#zusammenhalt<\/a>&nbsp;<a href=\"https:\/\/www.instagram.com\/explore\/tags\/mannschaft\/\">#mannschaft<\/a><\/strong><\/p>\n<\/div><\/div>\n\n\n\n<p><\/p>\n","protected":false},"excerpt":{"rendered":"<p>Das erste Puxnktspiel mit unserem neuen Trainer-Team steht am Sonntag gegen&nbsp;@svg_goettingen&nbsp;an. Seit Mitte Januar d\u00fcrfen wir Sebastian Pasemann als Co-Trainer bei uns<\/p>\n<p class=\"link-more\"><a class=\"myButt \" href=\"https:\/\/www.sv-lengede.de\/svl\/1-herren-landesliga-erste-punktspiel-mit-neuem-trainer\/\">Read More<\/a><\/p>\n","protected":false},"author":1,"featured_media":9082,"comment_status":"closed","ping_status":"closed","sticky":false,"template":"","format":"standard","meta":{"footnotes":""},"categories":[32,4],"tags":[],"class_list":["post-9081","post","type-post","status-publish","format-standard","has-post-thumbnail","hentry","category-1herren","category-fussball"],"rttpg_featured_image_url":{"full":["https:\/\/www.sv-lengede.de\/svl\/wp-content\/uploads\/2024\/03\/WhatsApp-Image-2024-02-24-at-10.09.12.jpeg",1200,1600,false],"landscape":["https:\/\/www.sv-lengede.de\/svl\/wp-content\/uploads\/2024\/03\/WhatsApp-Image-2024-02-24-at-10.09.12.jpeg",1200,1600,false],"portraits":["https:\/\/www.sv-lengede.de\/svl\/wp-content\/uploads\/2024\/03\/WhatsApp-Image-2024-02-24-at-10.09.12.jpeg",1200,1600,false],"thumbnail":["https:\/\/www.sv-lengede.de\/svl\/wp-content\/uploads\/2024\/03\/WhatsApp-Image-2024-02-24-at-10.09.12-150x150.jpeg",150,150,true],"medium":["https:\/\/www.sv-lengede.de\/svl\/wp-content\/uploads\/2024\/03\/WhatsApp-Image-2024-02-24-at-10.09.12-225x300.jpeg",225,300,true],"large":["https:\/\/www.sv-lengede.de\/svl\/wp-content\/uploads\/2024\/03\/WhatsApp-Image-2024-02-24-at-10.09.12.jpeg",640,853,false],"1536x1536":["https:\/\/www.sv-lengede.de\/svl\/wp-content\/uploads\/2024\/03\/WhatsApp-Image-2024-02-24-at-10.09.12-1152x1536.jpeg",1152,1536,true],"2048x2048":["https:\/\/www.sv-lengede.de\/svl\/wp-content\/uploads\/2024\/03\/WhatsApp-Image-2024-02-24-at-10.09.12.jpeg",1200,1600,false],"rt_custom":["https:\/\/www.sv-lengede.de\/svl\/wp-content\/uploads\/2024\/03\/WhatsApp-Image-2024-02-24-at-10.09.12.jpeg",1200,1600,false]},"rttpg_author":{"display_name":"svladmin","author_link":"https:\/\/www.sv-lengede.de\/svl\/author\/svladmin\/"},"rttpg_comment":0,"rttpg_category":"<a href=\"https:\/\/www.sv-lengede.de\/svl\/category\/fussball\/1herren\/\" rel=\"category tag\">1. Herren<\/a> <a href=\"https:\/\/www.sv-lengede.de\/svl\/category\/fussball\/\" rel=\"category tag\">Fu\u00dfball<\/a>","rttpg_excerpt":"Das erste Puxnktspiel mit unserem neuen Trainer-Team steht am Sonntag gegen&nbsp;@svg_goettingen&nbsp;an. Seit Mitte Januar d\u00fcrfen wir Sebastian Pasemann als Co-Trainer bei unsRead More","_links":{"self":[{"href":"https:\/\/www.sv-lengede.de\/svl\/wp-json\/wp\/v2\/posts\/9081","targetHints":{"allow":["GET"]}}],"collection":[{"href":"https:\/\/www.sv-lengede.de\/svl\/wp-json\/wp\/v2\/posts"}],"about":[{"href":"https:\/\/www.sv-lengede.de\/svl\/wp-json\/wp\/v2\/types\/post"}],"author":[{"embeddable":true,"href":"https:\/\/www.sv-lengede.de\/svl\/wp-json\/wp\/v2\/users\/1"}],"replies":[{"embeddable":true,"href":"https:\/\/www.sv-lengede.de\/svl\/wp-json\/wp\/v2\/comments?post=9081"}],"version-history":[{"count":2,"href":"https:\/\/www.sv-lengede.de\/svl\/wp-json\/wp\/v2\/posts\/9081\/revisions"}],"predecessor-version":[{"id":9084,"href":"https:\/\/www.sv-lengede.de\/svl\/wp-json\/wp\/v2\/posts\/9081\/revisions\/9084"}],"wp:featuredmedia":[{"embeddable":true,"href":"https:\/\/www.sv-lengede.de\/svl\/wp-json\/wp\/v2\/media\/9082"}],"wp:attachment":[{"href":"https:\/\/www.sv-lengede.de\/svl\/wp-json\/wp\/v2\/media?parent=9081"}],"wp:term":[{"taxonomy":"category","embeddable":true,"href":"https:\/\/www.sv-lengede.de\/svl\/wp-json\/wp\/v2\/categories?post=9081"},{"taxonomy":"post_tag","embeddable":true,"href":"https:\/\/www.sv-lengede.de\/svl\/wp-json\/wp\/v2\/tags?post=9081"}],"curies":[{"name":"wp","href":"https:\/\/api.w.org\/{rel}","templated":true}]}}