{"id":8944,"date":"2023-09-07T08:57:00","date_gmt":"2023-09-07T06:57:00","guid":{"rendered":"https:\/\/www.sv-lengede.de\/svl\/?p=8944"},"modified":"2023-09-07T11:11:44","modified_gmt":"2023-09-07T09:11:44","slug":"aktuell-schwimmkurse","status":"publish","type":"post","link":"https:\/\/www.sv-lengede.de\/svl\/aktuell-schwimmkurse\/","title":{"rendered":"!! Aktuell !! Schwimmkurse !! Mitteilung vom 07.09.2023"},"content":{"rendered":"\n<p>Liebe Eltern und liebe Kinder!<\/p>\n\n\n\n<p>Der Start unserer Seepferdchen- und Bronze Schwimmausbildung verz\u00f6gert sich nun leider erneut&#x1f621;. Wir melden uns, wenn das Lehrschwimmbecken nun wirklich wieder zur Verf\u00fcgung steht&#x203c;&#xfe0f;<\/p>\n\n\n\n<p>Wir sind sehr entt\u00e4uscht, dass es nicht m\u00f6glich war, innerhalb von 2 Monaten die Wartungs- und jetzt Reparaturarbeiten durchzuf\u00fchren. Leidtragende sind wieder einmal die Kinder, f\u00fcr deren Schwimmausbildung wir uns ehrenamtlich intensiv engagieren und so etwas in Zeiten, in denen st\u00e4ndig beklagt wird, dass (lt.\u00a0Umfrage-Ergebnis) die Zahl der Nichtschwimmer sich im\u00a0Grundschulalter\u00a0verdoppelt hat.<\/p>\n\n\n\n<p>Mit freundlichen Gr\u00fc\u00dfen<br>Gl\u00fcckauf<br>Wolfgang Werner<br>Vorsitzender<br>Sportverein Lengede von 1912 e.V.<\/p>\n\n\n\n<p><strong>Hier die Mitteilung des Landkreises \u00fcber die Gemeinde Lengede.<\/strong><\/p>\n\n\n\n<p class=\"has-text-align-center\"><br><em><mark style=\"background-color:rgba(0, 0, 0, 0)\" class=\"has-inline-color has-vivid-red-color\">&#8222;Sehr geehrte Damen und Herren,<br>ich m\u00f6chte Sie dar\u00fcber in Kenntnis setzen, dass das Lehrschwimmbecken bis einschlie\u00dflich dem 08.09.2023 gesperrt bleibt.<br>Durch eine defekte Dichtung an der Schwallwasserpumpe tritt beim Betrieb Wasser aus und flutet den Keller. Daher ist eine umfangreiche Reparatur notwendig.<br><br>Mit freundlichen Gr\u00fc\u00dfen<br>Die B\u00fcrgermeisterin<br>Vallstedter Weg 1<br>38268 Lengede<br>Tel.: 05344\/89-40<br>Internet:\u00a0<\/mark><\/em><a rel=\"noreferrer noopener\" href=\"http:\/\/www.lengede.de\" target=\"_blank\">www.lengede.de<\/a><em><mark style=\"background-color:rgba(0, 0, 0, 0)\" class=\"has-inline-color has-vivid-red-color\">\u201c<\/mark><\/em><\/p>\n\n\n<div class=\"wp-block-image\">\n<figure class=\"aligncenter size-full\"><img fetchpriority=\"high\" decoding=\"async\" width=\"211\" height=\"348\" src=\"https:\/\/www.sv-lengede.de\/svl\/wp-content\/uploads\/2023\/09\/image002.jpg\" alt=\"\" class=\"wp-image-8961\" srcset=\"https:\/\/www.sv-lengede.de\/svl\/wp-content\/uploads\/2023\/09\/image002.jpg 211w, https:\/\/www.sv-lengede.de\/svl\/wp-content\/uploads\/2023\/09\/image002-182x300.jpg 182w\" sizes=\"(max-width: 211px) 100vw, 211px\" \/><\/figure>\n<\/div>","protected":false},"excerpt":{"rendered":"<p>Liebe Eltern und liebe Kinder! Der Start unserer Seepferdchen- und Bronze Schwimmausbildung verz\u00f6gert sich nun leider erneut&#x1f621;. Wir melden uns, wenn das<\/p>\n<p class=\"link-more\"><a class=\"myButt \" href=\"https:\/\/www.sv-lengede.de\/svl\/aktuell-schwimmkurse\/\">Read More<\/a><\/p>\n","protected":false},"author":1,"featured_media":8468,"comment_status":"closed","ping_status":"closed","sticky":false,"template":"","format":"standard","meta":{"footnotes":""},"categories":[88],"tags":[],"class_list":["post-8944","post","type-post","status-publish","format-standard","has-post-thumbnail","hentry","category-schwimmen"],"rttpg_featured_image_url":{"full":["https:\/\/www.sv-lengede.de\/svl\/wp-content\/uploads\/2022\/04\/Schwimmen_Bild.png",1280,771,false],"landscape":["https:\/\/www.sv-lengede.de\/svl\/wp-content\/uploads\/2022\/04\/Schwimmen_Bild.png",1280,771,false],"portraits":["https:\/\/www.sv-lengede.de\/svl\/wp-content\/uploads\/2022\/04\/Schwimmen_Bild.png",1280,771,false],"thumbnail":["https:\/\/www.sv-lengede.de\/svl\/wp-content\/uploads\/2022\/04\/Schwimmen_Bild-150x150.png",150,150,true],"medium":["https:\/\/www.sv-lengede.de\/svl\/wp-content\/uploads\/2022\/04\/Schwimmen_Bild-300x181.png",300,181,true],"large":["https:\/\/www.sv-lengede.de\/svl\/wp-content\/uploads\/2022\/04\/Schwimmen_Bild.png",640,386,false],"1536x1536":["https:\/\/www.sv-lengede.de\/svl\/wp-content\/uploads\/2022\/04\/Schwimmen_Bild.png",1280,771,false],"2048x2048":["https:\/\/www.sv-lengede.de\/svl\/wp-content\/uploads\/2022\/04\/Schwimmen_Bild.png",1280,771,false],"rt_custom":["https:\/\/www.sv-lengede.de\/svl\/wp-content\/uploads\/2022\/04\/Schwimmen_Bild.png",1280,771,false]},"rttpg_author":{"display_name":"svladmin","author_link":"https:\/\/www.sv-lengede.de\/svl\/author\/svladmin\/"},"rttpg_comment":0,"rttpg_category":"<a href=\"https:\/\/www.sv-lengede.de\/svl\/category\/schwimmen\/\" rel=\"category tag\">Schwimmen<\/a>","rttpg_excerpt":"Liebe Eltern und liebe Kinder! Der Start unserer Seepferdchen- und Bronze Schwimmausbildung verz\u00f6gert sich nun leider erneut&#x1f621;. Wir melden uns, wenn dasRead More","_links":{"self":[{"href":"https:\/\/www.sv-lengede.de\/svl\/wp-json\/wp\/v2\/posts\/8944","targetHints":{"allow":["GET"]}}],"collection":[{"href":"https:\/\/www.sv-lengede.de\/svl\/wp-json\/wp\/v2\/posts"}],"about":[{"href":"https:\/\/www.sv-lengede.de\/svl\/wp-json\/wp\/v2\/types\/post"}],"author":[{"embeddable":true,"href":"https:\/\/www.sv-lengede.de\/svl\/wp-json\/wp\/v2\/users\/1"}],"replies":[{"embeddable":true,"href":"https:\/\/www.sv-lengede.de\/svl\/wp-json\/wp\/v2\/comments?post=8944"}],"version-history":[{"count":3,"href":"https:\/\/www.sv-lengede.de\/svl\/wp-json\/wp\/v2\/posts\/8944\/revisions"}],"predecessor-version":[{"id":8962,"href":"https:\/\/www.sv-lengede.de\/svl\/wp-json\/wp\/v2\/posts\/8944\/revisions\/8962"}],"wp:featuredmedia":[{"embeddable":true,"href":"https:\/\/www.sv-lengede.de\/svl\/wp-json\/wp\/v2\/media\/8468"}],"wp:attachment":[{"href":"https:\/\/www.sv-lengede.de\/svl\/wp-json\/wp\/v2\/media?parent=8944"}],"wp:term":[{"taxonomy":"category","embeddable":true,"href":"https:\/\/www.sv-lengede.de\/svl\/wp-json\/wp\/v2\/categories?post=8944"},{"taxonomy":"post_tag","embeddable":true,"href":"https:\/\/www.sv-lengede.de\/svl\/wp-json\/wp\/v2\/tags?post=8944"}],"curies":[{"name":"wp","href":"https:\/\/api.w.org\/{rel}","templated":true}]}}