{"id":8856,"date":"2023-06-19T12:43:27","date_gmt":"2023-06-19T10:43:27","guid":{"rendered":"https:\/\/www.sv-lengede.de\/svl\/?p=8856"},"modified":"2023-06-19T12:43:28","modified_gmt":"2023-06-19T10:43:28","slug":"information-gesundheitssport","status":"publish","type":"post","link":"https:\/\/www.sv-lengede.de\/svl\/information-gesundheitssport\/","title":{"rendered":"Information &#8211; Gesundheitssport"},"content":{"rendered":"\n<p>Hallo zusammen,<br>hier die Information f\u00fcr das Training in der Ferienzeit vom 06.07. &#8211; 16.08. 2023 f\u00fcr den SVL.<br>In der gesamten Ferienzeit findet kein Herzsport und keine Wassergymnastik statt. Letzter Trainingstag vor den Ferien f\u00fcr den Herzsport Montag und Dienstag 03.07. \/ 04.07.2023 zu den gewohnten Zeiten. Wassergymnastik am Mittwoch den 5.7.2023 letztmalig zu den \u00dcbungsstunden der Gruppen.<br>Trainingsbeginn wieder nach den Sommerferien am 21.\/22.08.2023 f\u00fcr den Herzsport und am 23.08. startet auch wieder die Wassergymnastik.<br>Ich w\u00fcnsche Euch allen eine sch\u00f6ne Ferienzeit, bleibt gesund und wir sehen uns nach den Ferien wieder.<\/p>\n\n\n\n<p>Viele Gr\u00fc\u00dfe<br>Frank<\/p>\n","protected":false},"excerpt":{"rendered":"<p>Hallo zusammen,hier die Information f\u00fcr das Training in der Ferienzeit vom 06.07. &#8211; 16.08. 2023 f\u00fcr den SVL.In der gesamten Ferienzeit findet<\/p>\n<p class=\"link-more\"><a class=\"myButt \" href=\"https:\/\/www.sv-lengede.de\/svl\/information-gesundheitssport\/\">Read More<\/a><\/p>\n","protected":false},"author":1,"featured_media":100,"comment_status":"closed","ping_status":"closed","sticky":false,"template":"","format":"standard","meta":{"footnotes":""},"categories":[7],"tags":[],"class_list":["post-8856","post","type-post","status-publish","format-standard","has-post-thumbnail","hentry","category-gesundheitssport"],"rttpg_featured_image_url":{"full":["https:\/\/www.sv-lengede.de\/svl\/wp-content\/uploads\/2014\/12\/gymnastik.png",64,64,false],"landscape":["https:\/\/www.sv-lengede.de\/svl\/wp-content\/uploads\/2014\/12\/gymnastik.png",64,64,false],"portraits":["https:\/\/www.sv-lengede.de\/svl\/wp-content\/uploads\/2014\/12\/gymnastik.png",64,64,false],"thumbnail":["https:\/\/www.sv-lengede.de\/svl\/wp-content\/uploads\/2014\/12\/gymnastik.png",64,64,false],"medium":["https:\/\/www.sv-lengede.de\/svl\/wp-content\/uploads\/2014\/12\/gymnastik.png",64,64,false],"large":["https:\/\/www.sv-lengede.de\/svl\/wp-content\/uploads\/2014\/12\/gymnastik.png",64,64,false],"1536x1536":["https:\/\/www.sv-lengede.de\/svl\/wp-content\/uploads\/2014\/12\/gymnastik.png",64,64,false],"2048x2048":["https:\/\/www.sv-lengede.de\/svl\/wp-content\/uploads\/2014\/12\/gymnastik.png",64,64,false],"rt_custom":["https:\/\/www.sv-lengede.de\/svl\/wp-content\/uploads\/2014\/12\/gymnastik.png",64,64,false]},"rttpg_author":{"display_name":"svladmin","author_link":"https:\/\/www.sv-lengede.de\/svl\/author\/svladmin\/"},"rttpg_comment":0,"rttpg_category":"<a href=\"https:\/\/www.sv-lengede.de\/svl\/category\/gesundheitssport\/\" rel=\"category tag\">Gesundheitssport<\/a>","rttpg_excerpt":"Hallo zusammen,hier die Information f\u00fcr das Training in der Ferienzeit vom 06.07. &#8211; 16.08. 2023 f\u00fcr den SVL.In der gesamten Ferienzeit findetRead More","_links":{"self":[{"href":"https:\/\/www.sv-lengede.de\/svl\/wp-json\/wp\/v2\/posts\/8856","targetHints":{"allow":["GET"]}}],"collection":[{"href":"https:\/\/www.sv-lengede.de\/svl\/wp-json\/wp\/v2\/posts"}],"about":[{"href":"https:\/\/www.sv-lengede.de\/svl\/wp-json\/wp\/v2\/types\/post"}],"author":[{"embeddable":true,"href":"https:\/\/www.sv-lengede.de\/svl\/wp-json\/wp\/v2\/users\/1"}],"replies":[{"embeddable":true,"href":"https:\/\/www.sv-lengede.de\/svl\/wp-json\/wp\/v2\/comments?post=8856"}],"version-history":[{"count":1,"href":"https:\/\/www.sv-lengede.de\/svl\/wp-json\/wp\/v2\/posts\/8856\/revisions"}],"predecessor-version":[{"id":8857,"href":"https:\/\/www.sv-lengede.de\/svl\/wp-json\/wp\/v2\/posts\/8856\/revisions\/8857"}],"wp:featuredmedia":[{"embeddable":true,"href":"https:\/\/www.sv-lengede.de\/svl\/wp-json\/wp\/v2\/media\/100"}],"wp:attachment":[{"href":"https:\/\/www.sv-lengede.de\/svl\/wp-json\/wp\/v2\/media?parent=8856"}],"wp:term":[{"taxonomy":"category","embeddable":true,"href":"https:\/\/www.sv-lengede.de\/svl\/wp-json\/wp\/v2\/categories?post=8856"},{"taxonomy":"post_tag","embeddable":true,"href":"https:\/\/www.sv-lengede.de\/svl\/wp-json\/wp\/v2\/tags?post=8856"}],"curies":[{"name":"wp","href":"https:\/\/api.w.org\/{rel}","templated":true}]}}