{"id":8787,"date":"2023-03-06T10:12:53","date_gmt":"2023-03-06T09:12:53","guid":{"rendered":"https:\/\/www.sv-lengede.de\/svl\/?p=8787"},"modified":"2023-03-06T10:12:54","modified_gmt":"2023-03-06T09:12:54","slug":"arbeits-putz-und-aufraeumtag-beim-svl","status":"publish","type":"post","link":"https:\/\/www.sv-lengede.de\/svl\/arbeits-putz-und-aufraeumtag-beim-svl\/","title":{"rendered":"Arbeits-Putz- und Aufr\u00e4umtag beim SVL"},"content":{"rendered":"\n<p>Liebe Sportfreundin, lieber Sportfreund,<\/p>\n\n\n\n<p>es ist wieder dringend notwendig, sich um unser Vereinsgrundst\u00fcck am Schachtweg zu k\u00fcmmern.<\/p>\n\n\n\n<p>Deshalb hat der Vorstand wieder einen Arbeits-Putz- und Aufr\u00e4umtag 2023 vorgesehen. <strong>Zu diesem Putz- und Aufr\u00e4umtag darf ich Dich auch im Namen des Vorstandes bitten, auch in diesem Jahr wieder tatkr\u00e4ftig mit anzufassen, damit die Sportanlage am Schachtweg (Gl\u00fcckauf Kampfbahn) mit seinen Einrichtungen von Papier, M\u00fcll, Unrat, Laub und Staub befreit wird und neue Einrichtungen realisiert werden k\u00f6nnen.<\/strong><\/p>\n\n\n\n<p>Damit unsere Sportanlage insgesamt noch sch\u00f6ner wird, bitte ich insbesondere jedes Team, jede Gruppe der Rasen- und Hallennutzer ob Junior oder Senior, <strong>sowie alle anderen Abteilungen<\/strong> des Sportvereins, uns beim Fr\u00fchjahrsputz <strong>tatkr\u00e4ftig zu unterst\u00fctzen.<\/strong><\/p>\n\n\n\n<p><strong><u>Besonders die Abteilungsvorst\u00e4nde und die \u00dcbungsleiterInnen bitte ich, intensiv f\u00fcr diese Aktion zu werben und am besten mit gutem Beispiel tatkr\u00e4ftig zu helfen.<\/u><\/strong><\/p>\n\n\n\n<p>Ben\u00f6tigt wird neben der Muskelkraft noch entsprechendes Reinigungsger\u00e4t wie z.B.\u00a0 Schaufeln, Hacken, Harken, Schubkarren usw.<\/p>\n\n\n\n<p>Die Aktion startet am Samstag den<\/p>\n\n\n\n<p class=\"has-text-align-center has-medium-font-size\"><strong>18. M\u00e4rz 2022 ab 09.00 Uhr<\/strong><\/p>\n\n\n\n<p>Wir werden mit einem kleinen Grillfest die Aktion ca. gegen 13.00 Uhr beenden.&nbsp;<\/p>\n\n\n\n<p>Anmeldungen bitte bei Bj\u00f6rn Ratajczak &#8211; <strong><a href=\"mailto:bjoern.ratajczak@sv-lengede.de\">bjoern.ratajczak@sv-lengede.de<\/a><\/strong><\/p>\n\n\n\n<p><\/p>\n\n\n\n<p>Wir hoffen auf eure tatkr\u00e4ftige Hilfe !<\/p>\n\n\n\n<p>Euer Vereinsvorstand<\/p>\n\n\n\n<p><\/p>\n\n\n\n<figure class=\"wp-block-table\"><table><tbody><tr><td><strong>Auszuf\u00fchrende Arbeiten<\/strong><\/td><td><strong>Standort Vereinsgel\u00e4nde<\/strong><\/td><td><strong>Ben\u00f6tigte Ger\u00e4te<\/strong><\/td><\/tr><tr><td>Aus und Abscheiden der Str\u00e4ucher<\/td><td>Stra\u00dfenseite Schachtweg<\/td><td>Gro\u00dfe und kleine Astscheren, Motors\u00e4ge<\/td><\/tr><tr><td>Gehwege rund um den Integrationsplatz s\u00e4ubern<\/td><td>Zwischen A und B Platz<\/td><td>Schaufel, Besen, Laubbesen<\/td><\/tr><tr><td>Vor und hinter den Banden S\u00e4ubern<\/td><td>A- Platz<\/td><td>Laubbesen &nbsp;<\/td><\/tr><tr><td>Garagen au\u00dfen und innen S\u00e4ubern<\/td><td>B- Platz<\/td><td>Besen, Schaufel<\/td><\/tr><tr><td>Fahrradst\u00e4nder s\u00e4ubern<\/td><td>Stra\u00dfenseite Schachtweg<\/td><td>Besen, Laubbesen, Fugenkratzer<\/td><\/tr><tr><td>Eingangsbereich Integrationsplatz<\/td><td>Schachtweg &nbsp;<\/td><td>Besen, Laubbesen<\/td><\/tr><tr><td>Terrassenbereich s\u00e4ubern<\/td><td>Auf und vor der Terrasse<\/td><td>Besen, Laubbesen<\/td><\/tr><tr><td>Aus und Abscheiden der Str\u00e4ucher<\/td><td>Wall zur Tennisanlage<\/td><td>Gro\u00dfe und kleine Astscheren, Motors\u00e4ge<\/td><\/tr><tr><td>M\u00fcll einsammeln &nbsp;<\/td><td>Gesamtes Gel\u00e4nde des SV Lengede<\/td><td>Handschuhe<\/td><\/tr><tr><td>Aufstellen der St\u00fchle und Tische f\u00fcr den Biergarten<\/td><td>Terrasse Sportheimgastst\u00e4tte<\/td><td>Schubkarren<\/td><\/tr><tr><td>Stellplatz f\u00fcr den Rasenroboter reinigen &nbsp;<\/td><td>ehem. Tennisgarage<\/td><td>Besen, Laubbesen<\/td><\/tr><\/tbody><\/table><\/figure>\n\n\n\n<p><strong>Weitere Arbeiten werden vor Ort mitgeteilt, auch die Einteilung der Arbeitsgruppen folgt vor Ort.<\/strong><\/p>\n\n\n\n<p class=\"has-text-align-center\"><strong>Schubkarren nicht vergessen!<\/strong><\/p>\n","protected":false},"excerpt":{"rendered":"<p>es ist wieder dringend notwendig, sich um unser Vereinsgrundst\u00fcck am Schachtweg zu k\u00fcmmern [&#8230;]<\/p>\n","protected":false},"author":1,"featured_media":8788,"comment_status":"closed","ping_status":"closed","sticky":false,"template":"","format":"standard","meta":{"footnotes":""},"categories":[1],"tags":[],"class_list":["post-8787","post","type-post","status-publish","format-standard","has-post-thumbnail","hentry","category-verein"],"rttpg_featured_image_url":{"full":["https:\/\/www.sv-lengede.de\/svl\/wp-content\/uploads\/2023\/03\/Putz_Aufraeumtag.png",762,636,false],"landscape":["https:\/\/www.sv-lengede.de\/svl\/wp-content\/uploads\/2023\/03\/Putz_Aufraeumtag.png",762,636,false],"portraits":["https:\/\/www.sv-lengede.de\/svl\/wp-content\/uploads\/2023\/03\/Putz_Aufraeumtag.png",762,636,false],"thumbnail":["https:\/\/www.sv-lengede.de\/svl\/wp-content\/uploads\/2023\/03\/Putz_Aufraeumtag-150x150.png",150,150,true],"medium":["https:\/\/www.sv-lengede.de\/svl\/wp-content\/uploads\/2023\/03\/Putz_Aufraeumtag-300x250.png",300,250,true],"large":["https:\/\/www.sv-lengede.de\/svl\/wp-content\/uploads\/2023\/03\/Putz_Aufraeumtag.png",640,534,false],"1536x1536":["https:\/\/www.sv-lengede.de\/svl\/wp-content\/uploads\/2023\/03\/Putz_Aufraeumtag.png",762,636,false],"2048x2048":["https:\/\/www.sv-lengede.de\/svl\/wp-content\/uploads\/2023\/03\/Putz_Aufraeumtag.png",762,636,false],"rt_custom":["https:\/\/www.sv-lengede.de\/svl\/wp-content\/uploads\/2023\/03\/Putz_Aufraeumtag.png",762,636,false]},"rttpg_author":{"display_name":"svladmin","author_link":"https:\/\/www.sv-lengede.de\/svl\/author\/svladmin\/"},"rttpg_comment":0,"rttpg_category":"<a href=\"https:\/\/www.sv-lengede.de\/svl\/category\/verein\/\" rel=\"category tag\">Verein<\/a>","rttpg_excerpt":"es ist wieder dringend notwendig, sich um unser Vereinsgrundst\u00fcck am Schachtweg zu k\u00fcmmern [...]","_links":{"self":[{"href":"https:\/\/www.sv-lengede.de\/svl\/wp-json\/wp\/v2\/posts\/8787","targetHints":{"allow":["GET"]}}],"collection":[{"href":"https:\/\/www.sv-lengede.de\/svl\/wp-json\/wp\/v2\/posts"}],"about":[{"href":"https:\/\/www.sv-lengede.de\/svl\/wp-json\/wp\/v2\/types\/post"}],"author":[{"embeddable":true,"href":"https:\/\/www.sv-lengede.de\/svl\/wp-json\/wp\/v2\/users\/1"}],"replies":[{"embeddable":true,"href":"https:\/\/www.sv-lengede.de\/svl\/wp-json\/wp\/v2\/comments?post=8787"}],"version-history":[{"count":1,"href":"https:\/\/www.sv-lengede.de\/svl\/wp-json\/wp\/v2\/posts\/8787\/revisions"}],"predecessor-version":[{"id":8789,"href":"https:\/\/www.sv-lengede.de\/svl\/wp-json\/wp\/v2\/posts\/8787\/revisions\/8789"}],"wp:featuredmedia":[{"embeddable":true,"href":"https:\/\/www.sv-lengede.de\/svl\/wp-json\/wp\/v2\/media\/8788"}],"wp:attachment":[{"href":"https:\/\/www.sv-lengede.de\/svl\/wp-json\/wp\/v2\/media?parent=8787"}],"wp:term":[{"taxonomy":"category","embeddable":true,"href":"https:\/\/www.sv-lengede.de\/svl\/wp-json\/wp\/v2\/categories?post=8787"},{"taxonomy":"post_tag","embeddable":true,"href":"https:\/\/www.sv-lengede.de\/svl\/wp-json\/wp\/v2\/tags?post=8787"}],"curies":[{"name":"wp","href":"https:\/\/api.w.org\/{rel}","templated":true}]}}