{"id":8549,"date":"2022-07-05T12:44:04","date_gmt":"2022-07-05T10:44:04","guid":{"rendered":"https:\/\/www.sv-lengede.de\/svl\/?p=8549"},"modified":"2022-07-05T12:45:07","modified_gmt":"2022-07-05T10:45:07","slug":"pressemitteilung-des-sportvereins-lengede-zu-den-neuzugaengen-in-der-fussballabteilung-in-der-saison-22-23","status":"publish","type":"post","link":"https:\/\/www.sv-lengede.de\/svl\/pressemitteilung-des-sportvereins-lengede-zu-den-neuzugaengen-in-der-fussballabteilung-in-der-saison-22-23\/","title":{"rendered":"Pressemitteilung des Sportvereins Lengede zu den Neuzug\u00e4ngen in der Fu\u00dfballabteilung in der Saison 22\/23"},"content":{"rendered":"\n<p><strong>Wieder zur\u00fcck am Schachtweg!<\/strong> &nbsp;<\/p>\n\n\n\n<p>Dominik Franke schlie\u00dft sich zur neuen Saison dem Landesliga-Team des SV Lengede an. Dominik ist nach 12 Jahren wieder zu einer seiner ersten Wirkungsst\u00e4tten zur\u00fcck und soll bei dem Erreichen der geplanten Ziele eine tragende Rolle spielen. In der abgelaufenen Saison spielte der 31-J\u00e4hrige noch f\u00fcr den VfV Borussia 06 Hildesheim in der Regional-Liga Nord in der Meisterrunde.<\/p>\n\n\n\n<p>&nbsp;\u201eWir haben uns in den letzten Jahren nie aus den Augen verloren und uns \u00f6fters \u00fcber den Fu\u00dfball unterhalten. Es hat sich herausgestellt, dass sich beide Parteien eine Zusammenarbeit vorstellen k\u00f6nnen. Heute haben wir den Wechsel dann perfekt gemacht\u201c, freut sich neben den Trainern Dennis Kleinschmidt und Kai Olzem und dem Fu\u00dfballobmann Bj\u00f6rn Ratajczak auch der Vorsitzende Wolfgang Werner \u00fcber den Wechsel von Dominik zum SVL und erg\u00e4nzt: \u201eEr ist ein Spieler, der gro\u00dfe Qualit\u00e4t mitbringt. Seine Vita ist beeindruckend.\u201c<\/p>\n\n\n\n<p>In der Tat: Seine Herren-Laufbahn startete er damals mit 18 Jahren beim SV Lengede, um mit der Mannschaft am 18.05.2008 Meister in der Bezirksliga zu werden. Das war zugleich der Aufstieg in die damalige Bezirksoberliga (heutige Landesliga).<\/p>\n\n\n\n<p>2010 wollte Dominik sich der Herausforderung stellen und h\u00f6her spielen. Dabei f\u00fchrte ihn seine Laufbahn \u00fcber Freie Turner Braunschweig, dem BTSV Braunschweig II zu VfV Borussia 06 Hildesheim.<\/p>\n\n\n\n<p>Schon von 2015 bis 2017 war Dominik Franke beim VfV Hildesheim eine wichtige St\u00fctze und seit der geb\u00fcrtige Klein Lafferder 2019 zur Borussia zur\u00fcckkehrte, war er es wieder. Franke wurde direkt zum Kapit\u00e4n gew\u00e4hlt und stieg mit der Mannschaft in die Regionalliga auf.<\/p>\n\n\n\n<p>Nun ist Franke wieder in seiner fr\u00fcheren Heimatgemeinde angekommen.<\/p>\n\n\n\n<p>Der SV Lengede freut sich \u00fcber die Verst\u00e4rkung des Landesliga-Teams durch den Spieler Dominik Franke. \u201eEr wird sicher gerade den j\u00fcngeren Spielern die Impulse und das Bewusstsein geben, die wichtig f\u00fcr deren Weiterentwicklung sind und neben der spielerischen Komponente wird er mit daran arbeiten, die sportliche Zukunft der Fu\u00dfballabteilung aktiv zu bereichern.\u201c\u201c so der Vorsitzende. &nbsp;<\/p>\n\n\n\n<p>Auch das Trainerteam Kai Olzem und Dennis Kleinschmidt ist erfreut, dass der Transfer nach der Vertragsaufl\u00f6sung von Dominik Franke und dem VfV Hildesheim zustande gekommen ist. ,,Er wird uns mit seinen Qualit\u00e4ten auf und neben dem Platz nochmal extrem verst\u00e4rken. Grade aber neben dem Platz hoffen wir, dass er uns unterst\u00fctzt, das noch sehr junge Team zu lenken und zu maximalem Erfolg pushen.<br>Dominik ist ein absoluter Leader und bringt reichlich Erfahrung mit, um dieses zu schaffen\u201c.<\/p>\n\n\n\n<p><br>\u201eIn erster Linie bin ich dem SV Lengede und den Verantwortlichen dankbar wieder zur\u00fcckkommen zu d\u00fcrfen.<br>Ich freue mich riesig auf die Mannschaft, die Spiele und hoffe das Team auf und neben dem Platz so gut es geht unterst\u00fctzen zu k\u00f6nnen.<br>Ich kann den Saisonbeginn kaum abwarten und freue mich, dass ich auch die M\u00f6glichkeit bekomme die sportliche Zukunft des Verein mitzugestalten und voran zu treiben\u201c erg\u00e4nzt Dominik Franke.<\/p>\n\n\n\n<figure class=\"wp-block-image size-large\"><img fetchpriority=\"high\" decoding=\"async\" width=\"3000\" height=\"2000\" src=\"https:\/\/www.sv-lengede.de\/svl\/wp-content\/uploads\/2022\/07\/Neuzugaenge_Mitteilung_07_2022-3000x2000.jpg\" alt=\"\" class=\"wp-image-8550\" srcset=\"https:\/\/www.sv-lengede.de\/svl\/wp-content\/uploads\/2022\/07\/Neuzugaenge_Mitteilung_07_2022-3000x2000.jpg 3000w, https:\/\/www.sv-lengede.de\/svl\/wp-content\/uploads\/2022\/07\/Neuzugaenge_Mitteilung_07_2022-300x200.jpg 300w, https:\/\/www.sv-lengede.de\/svl\/wp-content\/uploads\/2022\/07\/Neuzugaenge_Mitteilung_07_2022-768x512.jpg 768w, https:\/\/www.sv-lengede.de\/svl\/wp-content\/uploads\/2022\/07\/Neuzugaenge_Mitteilung_07_2022-1536x1024.jpg 1536w, https:\/\/www.sv-lengede.de\/svl\/wp-content\/uploads\/2022\/07\/Neuzugaenge_Mitteilung_07_2022-2048x1365.jpg 2048w\" sizes=\"(max-width: 3000px) 100vw, 3000px\" \/><figcaption>v.l.n.r. Trainer Dennis Kleinschmidt, Dominik Franke, Fu\u00dfballobmann Bj\u00f6rn Ratajczak<\/figcaption><\/figure>\n\n\n\n<p>Nach Abschluss der Gespr\u00e4che \u00fcber weitere Neuzug\u00e4nge wird der Verein dazu berichten.<\/p>\n\n\n\n<p>Mit freundlichen Gr\u00fc\u00dfen<br>Gl\u00fcckauf<br>Wolfgang Werner<br>Vorsitzender<br>Sportverein Lengede von 1912 e.V.<\/p>\n\n\n\n<p>Lengede, den 04.07.2022<\/p>\n","protected":false},"excerpt":{"rendered":"<p>Dominik Franke schlie\u00dft sich zur neuen Saison dem Landesliga-Team des SV Lengede an. Dominik ist nach 12 Jahren wieder zu einer seiner ersten Wirkungsst\u00e4tten zur\u00fcck und soll bei dem Erreichen der geplanten Ziele eine tragende Rolle spielen. In der abgelaufenen Saison spielte der 31-J\u00e4hrige noch f\u00fcr den VfV Borussia 06 Hildesheim in der Regional-Liga Nord in der Meisterrunde [&#8230;]<\/p>\n","protected":false},"author":1,"featured_media":8550,"comment_status":"closed","ping_status":"closed","sticky":false,"template":"","format":"standard","meta":{"footnotes":""},"categories":[4],"tags":[],"class_list":["post-8549","post","type-post","status-publish","format-standard","has-post-thumbnail","hentry","category-fussball"],"rttpg_featured_image_url":{"full":["https:\/\/www.sv-lengede.de\/svl\/wp-content\/uploads\/2022\/07\/Neuzugaenge_Mitteilung_07_2022-scaled.jpg",2560,1707,false],"landscape":["https:\/\/www.sv-lengede.de\/svl\/wp-content\/uploads\/2022\/07\/Neuzugaenge_Mitteilung_07_2022-scaled.jpg",2560,1707,false],"portraits":["https:\/\/www.sv-lengede.de\/svl\/wp-content\/uploads\/2022\/07\/Neuzugaenge_Mitteilung_07_2022-scaled.jpg",2560,1707,false],"thumbnail":["https:\/\/www.sv-lengede.de\/svl\/wp-content\/uploads\/2022\/07\/Neuzugaenge_Mitteilung_07_2022-150x150.jpg",150,150,true],"medium":["https:\/\/www.sv-lengede.de\/svl\/wp-content\/uploads\/2022\/07\/Neuzugaenge_Mitteilung_07_2022-300x200.jpg",300,200,true],"large":["https:\/\/www.sv-lengede.de\/svl\/wp-content\/uploads\/2022\/07\/Neuzugaenge_Mitteilung_07_2022-3000x2000.jpg",640,427,true],"1536x1536":["https:\/\/www.sv-lengede.de\/svl\/wp-content\/uploads\/2022\/07\/Neuzugaenge_Mitteilung_07_2022-1536x1024.jpg",1536,1024,true],"2048x2048":["https:\/\/www.sv-lengede.de\/svl\/wp-content\/uploads\/2022\/07\/Neuzugaenge_Mitteilung_07_2022-2048x1365.jpg",2048,1365,true],"rt_custom":["https:\/\/www.sv-lengede.de\/svl\/wp-content\/uploads\/2022\/07\/Neuzugaenge_Mitteilung_07_2022-scaled.jpg",2560,1707,false]},"rttpg_author":{"display_name":"svladmin","author_link":"https:\/\/www.sv-lengede.de\/svl\/author\/svladmin\/"},"rttpg_comment":0,"rttpg_category":"<a href=\"https:\/\/www.sv-lengede.de\/svl\/category\/fussball\/\" rel=\"category tag\">Fu\u00dfball<\/a>","rttpg_excerpt":"Dominik Franke schlie\u00dft sich zur neuen Saison dem Landesliga-Team des SV Lengede an. Dominik ist nach 12 Jahren wieder zu einer seiner ersten Wirkungsst\u00e4tten zur\u00fcck und soll bei dem Erreichen der geplanten Ziele eine tragende Rolle spielen. In der abgelaufenen Saison spielte der 31-J\u00e4hrige noch f\u00fcr den VfV Borussia 06 Hildesheim in der Regional-Liga Nord&hellip;","_links":{"self":[{"href":"https:\/\/www.sv-lengede.de\/svl\/wp-json\/wp\/v2\/posts\/8549","targetHints":{"allow":["GET"]}}],"collection":[{"href":"https:\/\/www.sv-lengede.de\/svl\/wp-json\/wp\/v2\/posts"}],"about":[{"href":"https:\/\/www.sv-lengede.de\/svl\/wp-json\/wp\/v2\/types\/post"}],"author":[{"embeddable":true,"href":"https:\/\/www.sv-lengede.de\/svl\/wp-json\/wp\/v2\/users\/1"}],"replies":[{"embeddable":true,"href":"https:\/\/www.sv-lengede.de\/svl\/wp-json\/wp\/v2\/comments?post=8549"}],"version-history":[{"count":3,"href":"https:\/\/www.sv-lengede.de\/svl\/wp-json\/wp\/v2\/posts\/8549\/revisions"}],"predecessor-version":[{"id":8553,"href":"https:\/\/www.sv-lengede.de\/svl\/wp-json\/wp\/v2\/posts\/8549\/revisions\/8553"}],"wp:featuredmedia":[{"embeddable":true,"href":"https:\/\/www.sv-lengede.de\/svl\/wp-json\/wp\/v2\/media\/8550"}],"wp:attachment":[{"href":"https:\/\/www.sv-lengede.de\/svl\/wp-json\/wp\/v2\/media?parent=8549"}],"wp:term":[{"taxonomy":"category","embeddable":true,"href":"https:\/\/www.sv-lengede.de\/svl\/wp-json\/wp\/v2\/categories?post=8549"},{"taxonomy":"post_tag","embeddable":true,"href":"https:\/\/www.sv-lengede.de\/svl\/wp-json\/wp\/v2\/tags?post=8549"}],"curies":[{"name":"wp","href":"https:\/\/api.w.org\/{rel}","templated":true}]}}