{"id":8405,"date":"2022-04-07T11:37:13","date_gmt":"2022-04-07T09:37:13","guid":{"rendered":"https:\/\/www.sv-lengede.de\/svl\/?p=8405"},"modified":"2022-06-21T08:58:00","modified_gmt":"2022-06-21T06:58:00","slug":"gruen-weiss-rote-nacht-beim-sv-lengede-am-20-08-2022","status":"publish","type":"post","link":"https:\/\/www.sv-lengede.de\/svl\/gruen-weiss-rote-nacht-beim-sv-lengede-am-20-08-2022\/","title":{"rendered":"Gr\u00fcn-Wei\u00df-Rote-Nacht beim SV Lengede am 20.08.2022"},"content":{"rendered":"\n<p>Liebe Sportsfreunde,<\/p>\n\n\n\n<p>die Gespr\u00e4che und Vorbereitungen sind durch.<br>Wir haben uns daf\u00fcr entschieden, dieses Jahr die Gr\u00fcn-Wei\u00df-Rote-Nacht stattfinden zu lassen &#x1f7e2;&#x26aa;&#xfe0f;&#x1f534;.<br>Die ersten Planungsrunden haben bereits stattgefunden.<\/p>\n\n\n\n<p>Es wird dieses Jahr zwar keine Livebands geben, aber #Musik von einem #DJ &#x1f3a7;&#x1f39b;&#x1f3b5;<br>Alles weitere ist in Planung und befindet sich in der Organisation &#x1f4aa;&#x1f44d;<\/p>\n\n\n\n<p>Wir halten Euch auf dem laufenden &#x1f601;&#x270c;<\/p>\n\n\n\n<p class=\"has-text-align-center\"><strong>20.August 2022<br>Gr\u00fcn-Wei\u00df-Rote-Nacht<br>&#x1f7e2;&#x26aa;&#xfe0f;&#x1f534;<br>Ab 16 Uhr<br>SV Lengede<br>Schachtweg 1<br>38268 Lengede<\/strong><\/p>\n\n\n\n<h3 class=\"wp-block-heading\">#svlengede #lengede #gr\u00fcnwei\u00dfrotenacht #savethedate #orgateam<\/h3>\n\n\n<div class=\"wp-block-image\">\n<figure class=\"aligncenter size-full is-resized\"><img fetchpriority=\"high\" decoding=\"async\" src=\"https:\/\/www.sv-lengede.de\/svl\/wp-content\/uploads\/2022\/06\/Gruen_weiss_rote_nacht_neu.jpeg\" alt=\"\" class=\"wp-image-8536\" width=\"504\" height=\"713\" srcset=\"https:\/\/www.sv-lengede.de\/svl\/wp-content\/uploads\/2022\/06\/Gruen_weiss_rote_nacht_neu.jpeg 1131w, https:\/\/www.sv-lengede.de\/svl\/wp-content\/uploads\/2022\/06\/Gruen_weiss_rote_nacht_neu-212x300.jpeg 212w, https:\/\/www.sv-lengede.de\/svl\/wp-content\/uploads\/2022\/06\/Gruen_weiss_rote_nacht_neu-768x1086.jpeg 768w, https:\/\/www.sv-lengede.de\/svl\/wp-content\/uploads\/2022\/06\/Gruen_weiss_rote_nacht_neu-1086x1536.jpeg 1086w\" sizes=\"(max-width: 504px) 100vw, 504px\" \/><\/figure>\n<\/div>\n\n\n<p class=\"has-medium-font-size\">Den Flyer k\u00f6nnt ihr <strong><a href=\"https:\/\/www.sv-lengede.de\/svl\/wp-content\/uploads\/2022\/04\/Gruen_weiss_rote_nacht_2022_flyer.jpeg\">hier<\/a> <\/strong>herunterladen und gerne verteilen! <\/p>\n","protected":false},"excerpt":{"rendered":"<p>Liebe Sportsfreunde, die Gespr\u00e4che und Vorbereitungen sind durch.Wir haben uns daf\u00fcr entschieden, dieses Jahr die Gr\u00fcn-Wei\u00df-Rote-Nacht stattfinden zu lassen &#x1f7e2;&#x26aa;&#xfe0f;&#x1f534;.Die ersten Planungsrunden<\/p>\n","protected":false},"author":1,"featured_media":8536,"comment_status":"closed","ping_status":"closed","sticky":false,"template":"","format":"standard","meta":{"footnotes":""},"categories":[1],"tags":[],"class_list":["post-8405","post","type-post","status-publish","format-standard","has-post-thumbnail","hentry","category-verein"],"rttpg_featured_image_url":{"full":["https:\/\/www.sv-lengede.de\/svl\/wp-content\/uploads\/2022\/06\/Gruen_weiss_rote_nacht_neu.jpeg",1131,1600,false],"landscape":["https:\/\/www.sv-lengede.de\/svl\/wp-content\/uploads\/2022\/06\/Gruen_weiss_rote_nacht_neu.jpeg",1131,1600,false],"portraits":["https:\/\/www.sv-lengede.de\/svl\/wp-content\/uploads\/2022\/06\/Gruen_weiss_rote_nacht_neu.jpeg",1131,1600,false],"thumbnail":["https:\/\/www.sv-lengede.de\/svl\/wp-content\/uploads\/2022\/06\/Gruen_weiss_rote_nacht_neu-150x150.jpeg",150,150,true],"medium":["https:\/\/www.sv-lengede.de\/svl\/wp-content\/uploads\/2022\/06\/Gruen_weiss_rote_nacht_neu-212x300.jpeg",212,300,true],"large":["https:\/\/www.sv-lengede.de\/svl\/wp-content\/uploads\/2022\/06\/Gruen_weiss_rote_nacht_neu.jpeg",640,905,false],"1536x1536":["https:\/\/www.sv-lengede.de\/svl\/wp-content\/uploads\/2022\/06\/Gruen_weiss_rote_nacht_neu-1086x1536.jpeg",1086,1536,true],"2048x2048":["https:\/\/www.sv-lengede.de\/svl\/wp-content\/uploads\/2022\/06\/Gruen_weiss_rote_nacht_neu.jpeg",1131,1600,false],"rt_custom":["https:\/\/www.sv-lengede.de\/svl\/wp-content\/uploads\/2022\/06\/Gruen_weiss_rote_nacht_neu.jpeg",1131,1600,false]},"rttpg_author":{"display_name":"svladmin","author_link":"https:\/\/www.sv-lengede.de\/svl\/author\/svladmin\/"},"rttpg_comment":0,"rttpg_category":"<a href=\"https:\/\/www.sv-lengede.de\/svl\/category\/verein\/\" rel=\"category tag\">Verein<\/a>","rttpg_excerpt":"Liebe Sportsfreunde, die Gespr\u00e4che und Vorbereitungen sind durch.Wir haben uns daf\u00fcr entschieden, dieses Jahr die Gr\u00fcn-Wei\u00df-Rote-Nacht stattfinden zu lassen &#x1f7e2;&#x26aa;&#xfe0f;&#x1f534;.Die ersten Planungsrunden","_links":{"self":[{"href":"https:\/\/www.sv-lengede.de\/svl\/wp-json\/wp\/v2\/posts\/8405","targetHints":{"allow":["GET"]}}],"collection":[{"href":"https:\/\/www.sv-lengede.de\/svl\/wp-json\/wp\/v2\/posts"}],"about":[{"href":"https:\/\/www.sv-lengede.de\/svl\/wp-json\/wp\/v2\/types\/post"}],"author":[{"embeddable":true,"href":"https:\/\/www.sv-lengede.de\/svl\/wp-json\/wp\/v2\/users\/1"}],"replies":[{"embeddable":true,"href":"https:\/\/www.sv-lengede.de\/svl\/wp-json\/wp\/v2\/comments?post=8405"}],"version-history":[{"count":4,"href":"https:\/\/www.sv-lengede.de\/svl\/wp-json\/wp\/v2\/posts\/8405\/revisions"}],"predecessor-version":[{"id":8537,"href":"https:\/\/www.sv-lengede.de\/svl\/wp-json\/wp\/v2\/posts\/8405\/revisions\/8537"}],"wp:featuredmedia":[{"embeddable":true,"href":"https:\/\/www.sv-lengede.de\/svl\/wp-json\/wp\/v2\/media\/8536"}],"wp:attachment":[{"href":"https:\/\/www.sv-lengede.de\/svl\/wp-json\/wp\/v2\/media?parent=8405"}],"wp:term":[{"taxonomy":"category","embeddable":true,"href":"https:\/\/www.sv-lengede.de\/svl\/wp-json\/wp\/v2\/categories?post=8405"},{"taxonomy":"post_tag","embeddable":true,"href":"https:\/\/www.sv-lengede.de\/svl\/wp-json\/wp\/v2\/tags?post=8405"}],"curies":[{"name":"wp","href":"https:\/\/api.w.org\/{rel}","templated":true}]}}