{"id":8396,"date":"2022-03-15T08:59:38","date_gmt":"2022-03-15T07:59:38","guid":{"rendered":"https:\/\/www.sv-lengede.de\/svl\/?p=8396"},"modified":"2022-03-15T08:59:40","modified_gmt":"2022-03-15T07:59:40","slug":"sv-lengede-sammelt-erneut-spenden-fuer-die-ukraine","status":"publish","type":"post","link":"https:\/\/www.sv-lengede.de\/svl\/sv-lengede-sammelt-erneut-spenden-fuer-die-ukraine\/","title":{"rendered":"SV Lengede sammelt erneut Spenden f\u00fcr die Ukraine"},"content":{"rendered":"\n<div class=\"wp-block-image\"><figure class=\"aligncenter size-full is-resized\"><a href=\"https:\/\/www.fahrschulakademie-in.de\"><img fetchpriority=\"high\" decoding=\"async\" src=\"https:\/\/www.sv-lengede.de\/svl\/wp-content\/uploads\/2022\/03\/a-g-fahrschul-akademie-gmbh_191686_mw640h480_salzgitter.jpeg\" alt=\"\" class=\"wp-image-8252\" width=\"535\" height=\"111\" srcset=\"https:\/\/www.sv-lengede.de\/svl\/wp-content\/uploads\/2022\/03\/a-g-fahrschul-akademie-gmbh_191686_mw640h480_salzgitter.jpeg 640w, https:\/\/www.sv-lengede.de\/svl\/wp-content\/uploads\/2022\/03\/a-g-fahrschul-akademie-gmbh_191686_mw640h480_salzgitter-300x62.jpeg 300w\" sizes=\"(max-width: 535px) 100vw, 535px\" \/><\/a><\/figure><\/div>\n\n\n\n<p>Tom Gerhard Tiessen von der <a href=\"https:\/\/www.fahrschulakademie-in.de\">A&amp;G Fahrschul-Akademie GmbH<\/a> unterst\u00fctzt die Menschen, die Hilfe vor Ort oder auf der Flucht vor dem Krieg ben\u00f6tigen. Am kommenden Samstag wird erneut ein LKW in Richtung Ukraine fahren, um die gesammelten Spenden in die Ukraine zu fahren.<\/p>\n\n\n\n<p>Wir k\u00f6nnen f\u00fcr den n\u00e4chsten LKW Spenden sammeln, der direkt in die Ukraine fahren kann.<\/p>\n\n\n\n<p>Daher sammeln wir wieder alle Spenden, die den Menschen in der Ukraine helfen <img decoding=\"async\" height=\"16\" width=\"16\" src=\"https:\/\/static.xx.fbcdn.net\/images\/emoji.php\/v9\/t6c\/1\/16\/1f4aa.png\" alt=\"&#x1f4aa;\"><img decoding=\"async\" height=\"16\" width=\"16\" src=\"https:\/\/static.xx.fbcdn.net\/images\/emoji.php\/v9\/t80\/1\/16\/1f64f.png\" alt=\"&#x1f64f;\"><img loading=\"lazy\" decoding=\"async\" height=\"16\" width=\"16\" src=\"https:\/\/static.xx.fbcdn.net\/images\/emoji.php\/v9\/t6c\/1\/16\/2764.png\" alt=\"&#x2764;\"><img loading=\"lazy\" decoding=\"async\" height=\"16\" width=\"16\" src=\"https:\/\/static.xx.fbcdn.net\/images\/emoji.php\/v9\/t87\/1\/16\/1f340.png\" alt=\"&#x1f340;\"><\/p>\n\n\n\n<p><strong>Gebraucht wird:<\/strong><br>Medikamente, Verbandsmaterial, Decken, Warme Kleidung, Schlafs\u00e4cke, kleine Zelte, Babynahrung (Milch, kein Gl\u00e4serbrei), Nahrung (Konserven\/Haltbare), Getr\u00e4nke, Hygieneartikel aller Art<\/p>\n\n\n\n<p><strong>Wir haben unter anderem eine gezielte Anfrage f\u00fcr vor Ort bekommen: <br>Frauen Schuhe:<\/strong><br>36<br>37<br>37<br>38<br>39<\/p>\n\n\n\n<p><strong>Frauen Kleidung:<\/strong><br>34<br>36<br>XS<br>S<br>M<br>Hosen, \u00dcbergangsjacken, Sommer Kleidung<\/p>\n\n\n\n<p><strong>M\u00e4nner Schuhe:<\/strong><br>42<br>33 Fu\u00dfballschuhe<br>43<\/p>\n\n\n\n<p><strong>T-Shirts, Pullis, \u00dcbergangsjacken, Sportkleidung, Hosen, Shorts:<\/strong><br>134 Kindergr\u00f6\u00dfe<br>S<br>M<br>L<\/p>\n\n\n\n<p class=\"has-medium-font-size\"><strong>Wo? <\/strong><br>SV Lengede Gastst\u00e4tte (auf dem Gel\u00e4nde), Schachtweg 1, 38268 Lengede<\/p>\n\n\n\n<p class=\"has-vivid-red-color has-text-color has-medium-font-size\"><strong>Wann? <\/strong><br>Mittwoch (16.03.2022) 16 Uhr bis 18.30 Uhr<br>Donnerstag (17.03.2022) 16 Uhr bis 18.30 Uhr<\/p>\n\n\n\n<p>Die Spenden gehen direkt in die Ukraine oder helfen den Menschen hier vor Ort. <\/p>\n\n\n\n<p><em>Wenn Spenden hier vor Ort ben\u00f6tigt werden, k\u00f6nnt ihr uns gerne kontaktieren. Derzeit haben wir eine gro\u00dfe Menge an Baby-Brei\/Babynahrung in Gl\u00e4schen, aber auch vieles f\u00fcr den Haushalt.<\/em><\/p>\n\n\n\n<p><br><\/p>\n","protected":false},"excerpt":{"rendered":"<p>Tom Gerhard Tiessen von der A&amp;G Fahrschul-Akademie GmbH unterst\u00fctzt die Menschen, die Hilfe vor Ort oder auf der Flucht vor dem Krieg<\/p>\n<p class=\"link-more\"><a class=\"myButt \" href=\"https:\/\/www.sv-lengede.de\/svl\/sv-lengede-sammelt-erneut-spenden-fuer-die-ukraine\/\">Read More<\/a><\/p>\n","protected":false},"author":1,"featured_media":8271,"comment_status":"closed","ping_status":"closed","sticky":false,"template":"","format":"standard","meta":{"footnotes":""},"categories":[1],"tags":[],"class_list":["post-8396","post","type-post","status-publish","format-standard","has-post-thumbnail","hentry","category-verein"],"rttpg_featured_image_url":{"full":["https:\/\/www.sv-lengede.de\/svl\/wp-content\/uploads\/2022\/03\/hilfe_ukraine_beitragsbild.png",571,402,false],"landscape":["https:\/\/www.sv-lengede.de\/svl\/wp-content\/uploads\/2022\/03\/hilfe_ukraine_beitragsbild.png",571,402,false],"portraits":["https:\/\/www.sv-lengede.de\/svl\/wp-content\/uploads\/2022\/03\/hilfe_ukraine_beitragsbild.png",571,402,false],"thumbnail":["https:\/\/www.sv-lengede.de\/svl\/wp-content\/uploads\/2022\/03\/hilfe_ukraine_beitragsbild-150x150.png",150,150,true],"medium":["https:\/\/www.sv-lengede.de\/svl\/wp-content\/uploads\/2022\/03\/hilfe_ukraine_beitragsbild-300x211.png",300,211,true],"large":["https:\/\/www.sv-lengede.de\/svl\/wp-content\/uploads\/2022\/03\/hilfe_ukraine_beitragsbild.png",571,402,false],"1536x1536":["https:\/\/www.sv-lengede.de\/svl\/wp-content\/uploads\/2022\/03\/hilfe_ukraine_beitragsbild.png",571,402,false],"2048x2048":["https:\/\/www.sv-lengede.de\/svl\/wp-content\/uploads\/2022\/03\/hilfe_ukraine_beitragsbild.png",571,402,false],"rt_custom":["https:\/\/www.sv-lengede.de\/svl\/wp-content\/uploads\/2022\/03\/hilfe_ukraine_beitragsbild.png",571,402,false]},"rttpg_author":{"display_name":"svladmin","author_link":"https:\/\/www.sv-lengede.de\/svl\/author\/svladmin\/"},"rttpg_comment":0,"rttpg_category":"<a href=\"https:\/\/www.sv-lengede.de\/svl\/category\/verein\/\" rel=\"category tag\">Verein<\/a>","rttpg_excerpt":"Tom Gerhard Tiessen von der A&amp;G Fahrschul-Akademie GmbH unterst\u00fctzt die Menschen, die Hilfe vor Ort oder auf der Flucht vor dem KriegRead More","_links":{"self":[{"href":"https:\/\/www.sv-lengede.de\/svl\/wp-json\/wp\/v2\/posts\/8396","targetHints":{"allow":["GET"]}}],"collection":[{"href":"https:\/\/www.sv-lengede.de\/svl\/wp-json\/wp\/v2\/posts"}],"about":[{"href":"https:\/\/www.sv-lengede.de\/svl\/wp-json\/wp\/v2\/types\/post"}],"author":[{"embeddable":true,"href":"https:\/\/www.sv-lengede.de\/svl\/wp-json\/wp\/v2\/users\/1"}],"replies":[{"embeddable":true,"href":"https:\/\/www.sv-lengede.de\/svl\/wp-json\/wp\/v2\/comments?post=8396"}],"version-history":[{"count":1,"href":"https:\/\/www.sv-lengede.de\/svl\/wp-json\/wp\/v2\/posts\/8396\/revisions"}],"predecessor-version":[{"id":8397,"href":"https:\/\/www.sv-lengede.de\/svl\/wp-json\/wp\/v2\/posts\/8396\/revisions\/8397"}],"wp:featuredmedia":[{"embeddable":true,"href":"https:\/\/www.sv-lengede.de\/svl\/wp-json\/wp\/v2\/media\/8271"}],"wp:attachment":[{"href":"https:\/\/www.sv-lengede.de\/svl\/wp-json\/wp\/v2\/media?parent=8396"}],"wp:term":[{"taxonomy":"category","embeddable":true,"href":"https:\/\/www.sv-lengede.de\/svl\/wp-json\/wp\/v2\/categories?post=8396"},{"taxonomy":"post_tag","embeddable":true,"href":"https:\/\/www.sv-lengede.de\/svl\/wp-json\/wp\/v2\/tags?post=8396"}],"curies":[{"name":"wp","href":"https:\/\/api.w.org\/{rel}","templated":true}]}}