{"id":8270,"date":"2022-03-04T14:14:57","date_gmt":"2022-03-04T13:14:57","guid":{"rendered":"https:\/\/www.sv-lengede.de\/svl\/?p=8270"},"modified":"2022-03-12T20:23:15","modified_gmt":"2022-03-12T19:23:15","slug":"sv-lengede-sammelt-spenden-fuer-kriegsfluechtlinge","status":"publish","type":"post","link":"https:\/\/www.sv-lengede.de\/svl\/sv-lengede-sammelt-spenden-fuer-kriegsfluechtlinge\/","title":{"rendered":"SV Lengede sammelt Spenden f\u00fcr Kriegsfl\u00fcchtlinge"},"content":{"rendered":"\n<div class=\"wp-block-media-text alignwide is-stacked-on-mobile\" style=\"grid-template-columns:28% auto\"><figure class=\"wp-block-media-text__media\"><img fetchpriority=\"high\" decoding=\"async\" width=\"571\" height=\"402\" src=\"https:\/\/www.sv-lengede.de\/svl\/wp-content\/uploads\/2022\/03\/hilfe_ukraine_beitragsbild.png\" alt=\"\" class=\"wp-image-8271 size-full\" srcset=\"https:\/\/www.sv-lengede.de\/svl\/wp-content\/uploads\/2022\/03\/hilfe_ukraine_beitragsbild.png 571w, https:\/\/www.sv-lengede.de\/svl\/wp-content\/uploads\/2022\/03\/hilfe_ukraine_beitragsbild-300x211.png 300w\" sizes=\"(max-width: 571px) 100vw, 571px\" \/><\/figure><div class=\"wp-block-media-text__content\">\n<p>Bei uns und im Landkreis Peine werden demn\u00e4chst viele Fl\u00fcchtlinge unsere Unterst\u00fctzung ben\u00f6tigen.<\/p>\n\n\n\n<p>Bereits heute Abend (04.03.2022) werden die ersten Familien aus der Ukraine in unserem Landkreis erwartet. Um den gefl\u00fcchteten eine Grundversorgung bereitstellen zu k\u00f6nnen, werden weitere Spenden ben\u00f6tigt. <\/p>\n<\/div><\/div>\n\n\n\n<div style=\"height:117px\" aria-hidden=\"true\" class=\"wp-block-spacer\"><\/div>\n\n\n\n<p><strong>Was wird gebraucht? <br>Hygieneartikel, Medikamente, Windeln, Babynahrung, Zahnb\u00fcrsten, Zahnpasta, Shampoo, Binden, OB&#8217;s, Duschzeug, Handt\u00fccher, Lebensmittel etc. <\/strong><\/p>\n\n\n\n<p class=\"has-vivid-red-color has-text-color\"><strong>! Wichtig !<br>Es wird keine Kleidung mehr ben\u00f6tigt! Diese k\u00f6nnen wir vor Ort auch leider nicht mehr entgegennehmen!<\/strong><\/p>\n\n\n\n<p>An folgenden Tagen werden wir in der Gastst\u00e4tte, Am Schachtweg 1, 38268 Lengede, die Spenden entgegennehmen:<\/p>\n\n\n\n<p class=\"has-text-align-center has-medium-font-size\"><strong>Freitag &#8211; 04.03.2022            15:00 &#8211; 18:00 Uhr<\/strong><\/p>\n\n\n\n<p class=\"has-text-align-center has-medium-font-size\"><strong>Samstag &#8211; 05.03.2022         15:00 &#8211; 18:00 Uhr<\/strong><\/p>\n\n\n\n<p><strong>Vielen Dank f\u00fcr eure Unterst\u00fctzung!<\/strong><\/p>\n\n\n\n<p><\/p>\n","protected":false},"excerpt":{"rendered":"<p>Bei uns und im Landkreis Peine werden demn\u00e4chst viele Fl\u00fcchtlinge unsere Unterst\u00fctzung ben\u00f6tigen. Bereits heute Abend (04.03.2022) werden die ersten Familien aus der Ukraine in unserem Landkreis erwartet [&#8230;]<\/p>\n","protected":false},"author":1,"featured_media":8271,"comment_status":"closed","ping_status":"closed","sticky":false,"template":"","format":"standard","meta":{"footnotes":""},"categories":[1],"tags":[],"class_list":["post-8270","post","type-post","status-publish","format-standard","has-post-thumbnail","hentry","category-verein"],"rttpg_featured_image_url":{"full":["https:\/\/www.sv-lengede.de\/svl\/wp-content\/uploads\/2022\/03\/hilfe_ukraine_beitragsbild.png",571,402,false],"landscape":["https:\/\/www.sv-lengede.de\/svl\/wp-content\/uploads\/2022\/03\/hilfe_ukraine_beitragsbild.png",571,402,false],"portraits":["https:\/\/www.sv-lengede.de\/svl\/wp-content\/uploads\/2022\/03\/hilfe_ukraine_beitragsbild.png",571,402,false],"thumbnail":["https:\/\/www.sv-lengede.de\/svl\/wp-content\/uploads\/2022\/03\/hilfe_ukraine_beitragsbild-150x150.png",150,150,true],"medium":["https:\/\/www.sv-lengede.de\/svl\/wp-content\/uploads\/2022\/03\/hilfe_ukraine_beitragsbild-300x211.png",300,211,true],"large":["https:\/\/www.sv-lengede.de\/svl\/wp-content\/uploads\/2022\/03\/hilfe_ukraine_beitragsbild.png",571,402,false],"1536x1536":["https:\/\/www.sv-lengede.de\/svl\/wp-content\/uploads\/2022\/03\/hilfe_ukraine_beitragsbild.png",571,402,false],"2048x2048":["https:\/\/www.sv-lengede.de\/svl\/wp-content\/uploads\/2022\/03\/hilfe_ukraine_beitragsbild.png",571,402,false],"rt_custom":["https:\/\/www.sv-lengede.de\/svl\/wp-content\/uploads\/2022\/03\/hilfe_ukraine_beitragsbild.png",571,402,false]},"rttpg_author":{"display_name":"svladmin","author_link":"https:\/\/www.sv-lengede.de\/svl\/author\/svladmin\/"},"rttpg_comment":0,"rttpg_category":"<a href=\"https:\/\/www.sv-lengede.de\/svl\/category\/verein\/\" rel=\"category tag\">Verein<\/a>","rttpg_excerpt":"Bei uns und im Landkreis Peine werden demn\u00e4chst viele Fl\u00fcchtlinge unsere Unterst\u00fctzung ben\u00f6tigen. Bereits heute Abend (04.03.2022) werden die ersten Familien aus der Ukraine in unserem Landkreis erwartet [...]","_links":{"self":[{"href":"https:\/\/www.sv-lengede.de\/svl\/wp-json\/wp\/v2\/posts\/8270","targetHints":{"allow":["GET"]}}],"collection":[{"href":"https:\/\/www.sv-lengede.de\/svl\/wp-json\/wp\/v2\/posts"}],"about":[{"href":"https:\/\/www.sv-lengede.de\/svl\/wp-json\/wp\/v2\/types\/post"}],"author":[{"embeddable":true,"href":"https:\/\/www.sv-lengede.de\/svl\/wp-json\/wp\/v2\/users\/1"}],"replies":[{"embeddable":true,"href":"https:\/\/www.sv-lengede.de\/svl\/wp-json\/wp\/v2\/comments?post=8270"}],"version-history":[{"count":5,"href":"https:\/\/www.sv-lengede.de\/svl\/wp-json\/wp\/v2\/posts\/8270\/revisions"}],"predecessor-version":[{"id":8276,"href":"https:\/\/www.sv-lengede.de\/svl\/wp-json\/wp\/v2\/posts\/8270\/revisions\/8276"}],"wp:featuredmedia":[{"embeddable":true,"href":"https:\/\/www.sv-lengede.de\/svl\/wp-json\/wp\/v2\/media\/8271"}],"wp:attachment":[{"href":"https:\/\/www.sv-lengede.de\/svl\/wp-json\/wp\/v2\/media?parent=8270"}],"wp:term":[{"taxonomy":"category","embeddable":true,"href":"https:\/\/www.sv-lengede.de\/svl\/wp-json\/wp\/v2\/categories?post=8270"},{"taxonomy":"post_tag","embeddable":true,"href":"https:\/\/www.sv-lengede.de\/svl\/wp-json\/wp\/v2\/tags?post=8270"}],"curies":[{"name":"wp","href":"https:\/\/api.w.org\/{rel}","templated":true}]}}