{"id":8187,"date":"2022-02-21T14:33:22","date_gmt":"2022-02-21T13:33:22","guid":{"rendered":"https:\/\/www.sv-lengede.de\/svl\/?p=8187"},"modified":"2022-02-21T14:36:00","modified_gmt":"2022-02-21T13:36:00","slug":"lengede-verlaengert-mit-dem-trainer-andre-wrede-fuer-die-saison-2022-2023","status":"publish","type":"post","link":"https:\/\/www.sv-lengede.de\/svl\/lengede-verlaengert-mit-dem-trainer-andre-wrede-fuer-die-saison-2022-2023\/","title":{"rendered":"Lengede verl\u00e4ngert mit dem Trainer Andr\u00e8 Wrede f\u00fcr die Saison 2022\/2023"},"content":{"rendered":"\n<div class=\"wp-block-media-text alignwide has-media-on-the-right is-stacked-on-mobile is-vertically-aligned-center\" style=\"grid-template-columns:auto 21%\"><figure class=\"wp-block-media-text__media\"><img fetchpriority=\"high\" decoding=\"async\" width=\"1797\" height=\"2048\" src=\"https:\/\/www.sv-lengede.de\/svl\/wp-content\/uploads\/2022\/02\/Bjoern_Rat_.jpeg\" alt=\"\" class=\"wp-image-8194 size-full\" srcset=\"https:\/\/www.sv-lengede.de\/svl\/wp-content\/uploads\/2022\/02\/Bjoern_Rat_.jpeg 1797w, https:\/\/www.sv-lengede.de\/svl\/wp-content\/uploads\/2022\/02\/Bjoern_Rat_-263x300.jpeg 263w, https:\/\/www.sv-lengede.de\/svl\/wp-content\/uploads\/2022\/02\/Bjoern_Rat_-768x875.jpeg 768w, https:\/\/www.sv-lengede.de\/svl\/wp-content\/uploads\/2022\/02\/Bjoern_Rat_-1348x1536.jpeg 1348w\" sizes=\"(max-width: 1797px) 100vw, 1797px\" \/><\/figure><div class=\"wp-block-media-text__content\">\n<div class=\"wp-block-columns is-layout-flex wp-container-core-columns-is-layout-9d6595d7 wp-block-columns-is-layout-flex\">\n<div class=\"wp-block-column is-layout-flow wp-block-column-is-layout-flow\" style=\"flex-basis:100%\">\n<p class=\"has-small-font-size\">Die 2. Mannschaft des Sportverein Lengede wird auch in der Saison 2022\/2023 von Andr\u00e8 Wrede trainiert. Der SVL- Vorsitzende, der stv. Fu\u00dfballobmann Bj\u00f6rn Ratajczak und Andr\u00e8 Wrede verl\u00e4ngerten den Vertrag um eine weitere Spielzeit. Das ist f\u00fcr Andr\u00e8 Wrede mittlerweile die 8. Saison in ununterbrochener Zeit beim SVL.<br>\u201eWir sind mit der Entwicklung unserer 2. Mannschaft auf und neben dem Spielfeld sehr zufrieden. Daran hat Andr\u00e8 in fachlicher und menschlicher Hinsicht gro\u00dfen Anteil. Er ist ein wichtiger Gl\u00fccksfall f\u00fcr unseren Verein. Wir freuen uns sehr auf die weitere Zusammenarbeit in der kommenden Saison, hoffentlich<br>weiterhin in der Kreisliga, um den Leistungsabstand zur 1. Mannschaft zu verringern und gerade unsere  aufr\u00fcckenden jungen Spieler noch besser f\u00f6rdern und fordern zu k\u00f6nnen. Uns ist es ein gro\u00dfes Anliegen, Spieler aus der eigenen Nachwuchsabteilung im Herrenbereich zu integrieren, da die Jugend ein wichtiger Bestandteil f\u00fcr die Zukunft unseres Vereins ist. Die 2. Mannschaft m\u00f6chten wir als ad\u00e4quaten Unterbau zum Landesliga-Team formen. Andr\u00e8 Wrede hat bewiesen, dass er auch f\u00fcr diese Aufgabe der richtige Mann ist. Er hat nach wie vor das volle Vertrauen aller Beteiligten. Die derzeitige Mischung der jungen und erfahrenen Spielern des Teams spiegelt sich leider noch nicht in der Tabelle wieder. Sicherlich auch ein Ergebnis nach 2 Jahren Covid 19 Pandemie.\u201c, erkl\u00e4rt der Vorsitzende des SVL Wolfgang Werner.<\/p>\n<\/div>\n<\/div>\n<\/div><\/div>\n\n\n\n<div class=\"wp-block-media-text alignwide is-stacked-on-mobile\" style=\"grid-template-columns:30% auto\"><figure class=\"wp-block-media-text__media\"><img decoding=\"async\" width=\"1804\" height=\"2109\" src=\"https:\/\/www.sv-lengede.de\/svl\/wp-content\/uploads\/2022\/02\/Andre_Wrede.jpg\" alt=\"\" class=\"wp-image-8196 size-full\" srcset=\"https:\/\/www.sv-lengede.de\/svl\/wp-content\/uploads\/2022\/02\/Andre_Wrede.jpg 1804w, https:\/\/www.sv-lengede.de\/svl\/wp-content\/uploads\/2022\/02\/Andre_Wrede-257x300.jpg 257w, https:\/\/www.sv-lengede.de\/svl\/wp-content\/uploads\/2022\/02\/Andre_Wrede-768x898.jpg 768w, https:\/\/www.sv-lengede.de\/svl\/wp-content\/uploads\/2022\/02\/Andre_Wrede-1314x1536.jpg 1314w, https:\/\/www.sv-lengede.de\/svl\/wp-content\/uploads\/2022\/02\/Andre_Wrede-1752x2048.jpg 1752w\" sizes=\"(max-width: 1804px) 100vw, 1804px\" \/><\/figure><div class=\"wp-block-media-text__content\">\n<p class=\"has-small-font-size\">Die 2. Mannschaft des Sportverein Lengede wird auch in der Saison 2022\/2023 von Andr\u00e8 Wrede trainiert. Der SVL- Vorsitzende, der stv. Fu\u00dfballobmann Bj\u00f6rn Ratajczak und Andr\u00e8 Wrede verl\u00e4ngerten den Vertrag um eine weitere Spielzeit. Das ist f\u00fcr Andr\u00e8 Wrede mittlerweile die 8. Saison in ununterbrochener Zeit beim SVL.<br>\u201eWir sind mit der Entwicklung unserer 2. Mannschaft auf und neben dem Spielfeld sehr zufrieden. Daran hat Andr\u00e8 in fachlicher und menschlicher Hinsicht gro\u00dfen Anteil. Er ist ein wichtiger Gl\u00fccksfall f\u00fcr unseren Verein. Wir freuen uns sehr auf die weitere Zusammenarbeit in der kommenden Saison, hoffentlich weiterhin in der Kreisliga, um den Leistungsabstand zur 1. Mannschaft zu verringern und gerade unsere aufr\u00fcckenden jungen Spieler noch besser f\u00f6rdern und fordern zu k\u00f6nnen. Uns ist es ein gro\u00dfes Anliegen, Spieler aus der eigenen Nachwuchsabteilung im Herrenbereich zu integrieren, da die Jugend ein wichtiger Bestandteil f\u00fcr die Zukunft unseres Vereins ist. Die 2. Mannschaft m\u00f6chten wir als ad\u00e4quaten Unterbau zum Landesliga-Team formen. Andr\u00e8 Wrede hat bewiesen, dass er auch f\u00fcr diese Aufgabe der richtige Mann ist. Er hat nach wie vor das volle Vertrauen aller Beteiligten. Die derzeitige Mischung der jungen und erfahrenen Spielern des Teams spiegelt sich leider noch nicht in der Tabelle wieder. Sicherlich auch ein Ergebnis nach 2 Jahren Covid 19 Pandemie.\u201c, erkl\u00e4rt der Vorsitzende des SVL Wolfgang Werner.<\/p>\n<\/div><\/div>\n\n\n\n<p class=\"has-small-font-size\"><\/p>\n\n\n\n<p class=\"has-small-font-size\">\u201eAn einer Verbesserung des Tabellenplatzes werden wir in den n\u00e4chsten Spielen intensiv arbeiten. Ich bin im Fuball beim SVL schon von klein an aktiv und seit 2015 als Trainer beim SVL t\u00e4tig. Es macht mir gro\u00dfen Spa\u00df, Woche f\u00fcr Woche mit der Mannschaft zu arbeiten. Dabei m\u00f6chte ich besonders den guten  zusammenhalt innerhalb des Teams hervorheben. Die Integration von Jugendspielern funktioniert und ist auf lange Sicht gesehen f\u00fcr die 2. Mannschaft unabdingbar. Ich bin stolz auf meine Mannschaft und freue mich auf die weitere Zusammenarbeit\u201c sagt Andr\u00e8 Wrede. Dass dies mit der richtigen Einstellung der 2. Mannschaft gelingen wird, davon ist man beim Sportverein Lengede \u00fcberzeugt. <br>Die SVLer freuen sich in jedem Fall auf eine weitere konstruktive und erfolgreiche Zusammenarbeit mit Andr\u00e8 Wrede &#8211; egal wie die Saison endet.<\/p>\n\n\n\n<div class=\"wp-block-image\"><figure class=\"aligncenter size-full is-resized\"><img decoding=\"async\" src=\"https:\/\/www.sv-lengede.de\/svl\/wp-content\/uploads\/2021\/04\/WolfgangWerner-scaled.jpg\" alt=\"\" class=\"wp-image-3923\" width=\"240\" height=\"240\"\/><figcaption>gez. Wolfgang Werner, Vorsitzender, Sportverein Lengede von 1912 e.V<\/figcaption><\/figure><\/div>\n","protected":false},"excerpt":{"rendered":"<p>Die 2. Mannschaft des Sportverein Lengede wird auch in der Saison 2022\/2023 von Andr\u00e8 Wrede trainiert. Der SVL- Vorsitzende, der stv. Fu\u00dfballobmann Bj\u00f6rn Ratajczak und Andr\u00e8 Wrede verl\u00e4ngerten den Vertrag um eine weitere Spielzeit. Das ist f\u00fcr Andr\u00e8 Wrede mittlerweile die 8. Saison in ununterbrochener Zeit beim SVL. [&#8230;]<\/p>\n","protected":false},"author":1,"featured_media":97,"comment_status":"closed","ping_status":"closed","sticky":false,"template":"","format":"standard","meta":{"footnotes":""},"categories":[44,4,1],"tags":[],"class_list":["post-8187","post","type-post","status-publish","format-standard","has-post-thumbnail","hentry","category-2-herren","category-fussball","category-verein"],"rttpg_featured_image_url":{"full":["https:\/\/www.sv-lengede.de\/svl\/wp-content\/uploads\/2014\/12\/fussball-feature.png",64,74,false],"landscape":["https:\/\/www.sv-lengede.de\/svl\/wp-content\/uploads\/2014\/12\/fussball-feature.png",64,74,false],"portraits":["https:\/\/www.sv-lengede.de\/svl\/wp-content\/uploads\/2014\/12\/fussball-feature.png",64,74,false],"thumbnail":["https:\/\/www.sv-lengede.de\/svl\/wp-content\/uploads\/2014\/12\/fussball-feature.png",64,74,false],"medium":["https:\/\/www.sv-lengede.de\/svl\/wp-content\/uploads\/2014\/12\/fussball-feature.png",64,74,false],"large":["https:\/\/www.sv-lengede.de\/svl\/wp-content\/uploads\/2014\/12\/fussball-feature.png",64,74,false],"1536x1536":["https:\/\/www.sv-lengede.de\/svl\/wp-content\/uploads\/2014\/12\/fussball-feature.png",64,74,false],"2048x2048":["https:\/\/www.sv-lengede.de\/svl\/wp-content\/uploads\/2014\/12\/fussball-feature.png",64,74,false],"rt_custom":["https:\/\/www.sv-lengede.de\/svl\/wp-content\/uploads\/2014\/12\/fussball-feature.png",64,74,false]},"rttpg_author":{"display_name":"svladmin","author_link":"https:\/\/www.sv-lengede.de\/svl\/author\/svladmin\/"},"rttpg_comment":0,"rttpg_category":"<a href=\"https:\/\/www.sv-lengede.de\/svl\/category\/fussball\/2-herren\/\" rel=\"category tag\">2. Herren<\/a> <a href=\"https:\/\/www.sv-lengede.de\/svl\/category\/fussball\/\" rel=\"category tag\">Fu\u00dfball<\/a> <a href=\"https:\/\/www.sv-lengede.de\/svl\/category\/verein\/\" rel=\"category tag\">Verein<\/a>","rttpg_excerpt":"Die 2. Mannschaft des Sportverein Lengede wird auch in der Saison 2022\/2023 von Andr\u00e8 Wrede trainiert. Der SVL- Vorsitzende, der stv. Fu\u00dfballobmann Bj\u00f6rn Ratajczak und Andr\u00e8 Wrede verl\u00e4ngerten den Vertrag um eine weitere Spielzeit. Das ist f\u00fcr Andr\u00e8 Wrede mittlerweile die 8. Saison in ununterbrochener Zeit beim SVL. [...]","_links":{"self":[{"href":"https:\/\/www.sv-lengede.de\/svl\/wp-json\/wp\/v2\/posts\/8187","targetHints":{"allow":["GET"]}}],"collection":[{"href":"https:\/\/www.sv-lengede.de\/svl\/wp-json\/wp\/v2\/posts"}],"about":[{"href":"https:\/\/www.sv-lengede.de\/svl\/wp-json\/wp\/v2\/types\/post"}],"author":[{"embeddable":true,"href":"https:\/\/www.sv-lengede.de\/svl\/wp-json\/wp\/v2\/users\/1"}],"replies":[{"embeddable":true,"href":"https:\/\/www.sv-lengede.de\/svl\/wp-json\/wp\/v2\/comments?post=8187"}],"version-history":[{"count":9,"href":"https:\/\/www.sv-lengede.de\/svl\/wp-json\/wp\/v2\/posts\/8187\/revisions"}],"predecessor-version":[{"id":8198,"href":"https:\/\/www.sv-lengede.de\/svl\/wp-json\/wp\/v2\/posts\/8187\/revisions\/8198"}],"wp:featuredmedia":[{"embeddable":true,"href":"https:\/\/www.sv-lengede.de\/svl\/wp-json\/wp\/v2\/media\/97"}],"wp:attachment":[{"href":"https:\/\/www.sv-lengede.de\/svl\/wp-json\/wp\/v2\/media?parent=8187"}],"wp:term":[{"taxonomy":"category","embeddable":true,"href":"https:\/\/www.sv-lengede.de\/svl\/wp-json\/wp\/v2\/categories?post=8187"},{"taxonomy":"post_tag","embeddable":true,"href":"https:\/\/www.sv-lengede.de\/svl\/wp-json\/wp\/v2\/tags?post=8187"}],"curies":[{"name":"wp","href":"https:\/\/api.w.org\/{rel}","templated":true}]}}