{"id":8133,"date":"2021-12-14T07:25:47","date_gmt":"2021-12-14T06:25:47","guid":{"rendered":"https:\/\/www.sv-lengede.de\/svl\/?p=8133"},"modified":"2021-12-14T07:26:04","modified_gmt":"2021-12-14T06:26:04","slug":"dfb-trainer-zu-gast-in-lengede","status":"publish","type":"post","link":"https:\/\/www.sv-lengede.de\/svl\/dfb-trainer-zu-gast-in-lengede\/","title":{"rendered":"DFB-Trainer zu Gast in Lengede"},"content":{"rendered":"\n<p><strong>F1-Jugend l\u00e4sst erfahrene Trainer staunen<\/strong><\/p>\n\n\n\n<p>Am Dienstag, dem 16. November 2021, war die Vorfreude bei den elf anwesenden Spielern der F1-Jugend des SV Lengede und ihrem Trainer gewaltig gro\u00df. Das DFB-Mobil konnte zum Training eingeladen werden. Der Nieders\u00e4chsische Fu\u00dfballverband schickte zwei erfahrene Trainer zu den kleinen Kickern des SVL.<\/p>\n\n\n\n<p>Trotz der k\u00fchlen Temperaturen von 5 Grad lie\u00dfen sich die Spieler nicht abhalten zum Training zu kommen und ihr Bestes zu zeigen &#8211; und erstaunten dabei sogar die angereisten G\u00e4ste. Die ersten Aufw\u00e4rmspielchen erh\u00f6hten nicht nur die K\u00f6rpertemperatur, sondern steigerten zugleich die Vorfreude auf die n\u00e4chsten \u00dcbungen. Bei den anschlie\u00dfenden Koordinations\u00fcbungen mit dem Ball lie\u00dfen die kleinen Kicker ihr volles K\u00f6nnen aufblitzen und bekamen ein Lob nach dem anderen ausgesprochen. W\u00e4hrenddessen konnte auch ihr Trainer Torsten Meuche beim Small-Talk mit den erfahrenen Coaches des NFV noch ein paar gute Tipps bekommen. Es ging weiter mit Spielen auf mehrere kleinen Tore. Ab und an unterbrochen von taktischen Anweisungen und kleinen Kniffen zur Verbesserung, zeigten die Spieler auch hier bereits gut ausgepr\u00e4gtes Spielverst\u00e4ndnis. Sie waren im Spiel kaum mehr zu bremsen und liefen, soviel die Beine nur hergaben. Abschlie\u00dfend wurde noch eine weitere neue Spielform ausprobiert, welche vor allem das Abspielverhalten betonen sollte. Ein Tor folgte auch hier dem anderen &#8211; abermals begleitet von viel Lob f\u00fcr alle Teilnehmer. So waren am Ende die 90 Minuten viel zu schnell rum. In einer kleinen Abschlussrunde bekamen die Jungs vom SV Lengede auch noch ein paar Hausaufgaben mit an die Hand: mehr Abspielen, weniger Alleing\u00e4nge und vor allem: mit so viel Freude und Engagement bei der Sache bleiben. Damit hatten sie auch nachhaltigen Eindruck bei den angereisten Trainern hinterlassen. Am Ende gab es noch gemeinsames Foto vor dem DFB-Bus, ehe alle Kinder geschafft, aber gl\u00fccklich nach Hause geschickt wurden. Gerade in Corona-Zeiten war dies eine sehr gelungene Aktion, bei der man sich vor allem bei den erfahrenden Trainern des NFV bedanken muss, die solch eine gelungene Aktion anbieten und umgesetzt haben.<\/p>\n\n\n\n<figure class=\"wp-block-image size-full is-resized\"><img fetchpriority=\"high\" decoding=\"async\" src=\"https:\/\/www.sv-lengede.de\/svl\/wp-content\/uploads\/2021\/12\/DFB_F1.jpg\" alt=\"\" class=\"wp-image-8134\" width=\"840\" height=\"423\" srcset=\"https:\/\/www.sv-lengede.de\/svl\/wp-content\/uploads\/2021\/12\/DFB_F1.jpg 482w, https:\/\/www.sv-lengede.de\/svl\/wp-content\/uploads\/2021\/12\/DFB_F1-300x151.jpg 300w\" sizes=\"(max-width: 840px) 100vw, 840px\" \/><\/figure>\n","protected":false},"excerpt":{"rendered":"<p>Am Dienstag, dem 16. November 2021, war die Vorfreude bei den elf anwesenden Spielern der F1-Jugend des SV Lengede und ihrem Trainer gewaltig gro\u00df [&#8230;]<\/p>\n","protected":false},"author":1,"featured_media":97,"comment_status":"closed","ping_status":"closed","sticky":false,"template":"","format":"standard","meta":{"footnotes":""},"categories":[4],"tags":[],"class_list":["post-8133","post","type-post","status-publish","format-standard","has-post-thumbnail","hentry","category-fussball"],"rttpg_featured_image_url":{"full":["https:\/\/www.sv-lengede.de\/svl\/wp-content\/uploads\/2014\/12\/fussball-feature.png",64,74,false],"landscape":["https:\/\/www.sv-lengede.de\/svl\/wp-content\/uploads\/2014\/12\/fussball-feature.png",64,74,false],"portraits":["https:\/\/www.sv-lengede.de\/svl\/wp-content\/uploads\/2014\/12\/fussball-feature.png",64,74,false],"thumbnail":["https:\/\/www.sv-lengede.de\/svl\/wp-content\/uploads\/2014\/12\/fussball-feature.png",64,74,false],"medium":["https:\/\/www.sv-lengede.de\/svl\/wp-content\/uploads\/2014\/12\/fussball-feature.png",64,74,false],"large":["https:\/\/www.sv-lengede.de\/svl\/wp-content\/uploads\/2014\/12\/fussball-feature.png",64,74,false],"1536x1536":["https:\/\/www.sv-lengede.de\/svl\/wp-content\/uploads\/2014\/12\/fussball-feature.png",64,74,false],"2048x2048":["https:\/\/www.sv-lengede.de\/svl\/wp-content\/uploads\/2014\/12\/fussball-feature.png",64,74,false],"rt_custom":["https:\/\/www.sv-lengede.de\/svl\/wp-content\/uploads\/2014\/12\/fussball-feature.png",64,74,false]},"rttpg_author":{"display_name":"svladmin","author_link":"https:\/\/www.sv-lengede.de\/svl\/author\/svladmin\/"},"rttpg_comment":0,"rttpg_category":"<a href=\"https:\/\/www.sv-lengede.de\/svl\/category\/fussball\/\" rel=\"category tag\">Fu\u00dfball<\/a>","rttpg_excerpt":"Am Dienstag, dem 16. November 2021, war die Vorfreude bei den elf anwesenden Spielern der F1-Jugend des SV Lengede und ihrem Trainer gewaltig gro\u00df [...]","_links":{"self":[{"href":"https:\/\/www.sv-lengede.de\/svl\/wp-json\/wp\/v2\/posts\/8133","targetHints":{"allow":["GET"]}}],"collection":[{"href":"https:\/\/www.sv-lengede.de\/svl\/wp-json\/wp\/v2\/posts"}],"about":[{"href":"https:\/\/www.sv-lengede.de\/svl\/wp-json\/wp\/v2\/types\/post"}],"author":[{"embeddable":true,"href":"https:\/\/www.sv-lengede.de\/svl\/wp-json\/wp\/v2\/users\/1"}],"replies":[{"embeddable":true,"href":"https:\/\/www.sv-lengede.de\/svl\/wp-json\/wp\/v2\/comments?post=8133"}],"version-history":[{"count":2,"href":"https:\/\/www.sv-lengede.de\/svl\/wp-json\/wp\/v2\/posts\/8133\/revisions"}],"predecessor-version":[{"id":8136,"href":"https:\/\/www.sv-lengede.de\/svl\/wp-json\/wp\/v2\/posts\/8133\/revisions\/8136"}],"wp:featuredmedia":[{"embeddable":true,"href":"https:\/\/www.sv-lengede.de\/svl\/wp-json\/wp\/v2\/media\/97"}],"wp:attachment":[{"href":"https:\/\/www.sv-lengede.de\/svl\/wp-json\/wp\/v2\/media?parent=8133"}],"wp:term":[{"taxonomy":"category","embeddable":true,"href":"https:\/\/www.sv-lengede.de\/svl\/wp-json\/wp\/v2\/categories?post=8133"},{"taxonomy":"post_tag","embeddable":true,"href":"https:\/\/www.sv-lengede.de\/svl\/wp-json\/wp\/v2\/tags?post=8133"}],"curies":[{"name":"wp","href":"https:\/\/api.w.org\/{rel}","templated":true}]}}