{"id":8013,"date":"2021-09-08T13:36:30","date_gmt":"2021-09-08T11:36:30","guid":{"rendered":"https:\/\/www.sv-lengede.de\/svl\/?p=8013"},"modified":"2021-09-11T16:53:39","modified_gmt":"2021-09-11T14:53:39","slug":"sportverein-lengede-von-1912-e-v-zugang-zu-den-aussen-sportanlagen-einrichtungen-des-vereins","status":"publish","type":"post","link":"https:\/\/www.sv-lengede.de\/svl\/sportverein-lengede-von-1912-e-v-zugang-zu-den-aussen-sportanlagen-einrichtungen-des-vereins\/","title":{"rendered":"Sportverein Lengede von 1912 e.V. &#8211; Zugang zu den Au\u00dfen-Sportanlagen\/-einrichtungen des Vereins"},"content":{"rendered":"\n<p><strong>Der Landkreis Peine hat wegen der \u00dcberschreitung der 7-Tage-Inzidenz eine&nbsp;<\/strong><br><strong>Allgemeinverf\u00fcgung erlassen. Damit gelten ab dem 02.09.2021 f\u00fcr das gesamte&nbsp;Gebiet des Landkreises diejenigen Schutzma\u00dfnahmen, die nach \u00a7 8 der&nbsp;<\/strong><br><strong>Nieders\u00e4chsischen Corona-Verordnung zur Beschr\u00e4nkung des Zutritts zu&nbsp;<\/strong><br><strong>bestimmten Veranstaltungen und Einrichtungen und der Inanspruchnahme von&nbsp; Leistungen auf Geimpfte, Getestete und Genesene vorgesehen sind.<\/strong>&nbsp;<\/p>\n\n\n\n<p><\/p>\n\n\n\n<p><span class=\"has-inline-color has-vivid-red-color\"><strong>Es gilt also die \u201cErweiterte 3G-Regelung bei Warnstufe 1 oder Inzidenz&nbsp;<\/strong> <strong>\u00fcber 50\u201c<\/strong><\/span><\/p>\n\n\n\n<p><\/p>\n\n\n\n<p><strong>Ma\u00dfnahmen f\u00fcr Besucher, die mit der Regelung verbunden sind!&nbsp;<\/strong><\/p>\n\n\n\n<figure class=\"wp-block-table aligncenter\"><table><tbody><tr><td><strong>1.<\/strong>&nbsp; <strong>Kontaktdaten-Erfassung durch:&nbsp; <\/strong><br>\u27a2&nbsp;&nbsp; <strong>LUCA-App&nbsp;<\/strong> <br>\u27a2&nbsp;&nbsp; <strong>oder Eintrag in die&nbsp;<\/strong> <strong>Erfassungsliste&nbsp;<\/strong><\/td><td><strong>2.<\/strong>&nbsp; <strong>Auf dem gesamten&nbsp;<\/strong><br><strong>Gel\u00e4nde ist die AHA&nbsp;<\/strong> <strong>Regelung einzuhalten.&nbsp;<\/strong><\/td><\/tr><\/tbody><\/table><\/figure>\n\n\n\n<figure class=\"wp-block-table aligncenter\"><table><tbody><tr><td><span class=\"has-inline-color has-vivid-red-color\"><strong>A.<\/strong>&nbsp; <strong>Weitere Ma\u00dfnahmen in Verbindung eines Au\u00dferhausverkaufs durch&nbsp;<\/strong> <strong>den Gastst\u00e4ttenbetrieb<\/strong><\/span><strong>&nbsp;<\/strong> <\/td><\/tr><\/tbody><\/table><\/figure>\n\n\n\n<p><strong>1.<\/strong>&nbsp; <strong>Der Zutritt auf das Sportplatzgel\u00e4nde ist unabh\u00e4ngig von der 3G&nbsp;Regelung m\u00f6glich&nbsp;<\/strong><\/p>\n\n\n\n<p><strong>2.<\/strong>&nbsp; <strong>Auf dem Weg zum Steh-Sitzplatz, zur Toilettenanlage oder zum&nbsp;<\/strong><br><strong>Au\u00dferhausverkauf auf dem Sportplatzgel\u00e4nde\/Terrasse ist die&nbsp;<\/strong><br><strong>Maskenpflicht vorgeschrieben, wenn der Abstand (1,5m) nicht&nbsp;<\/strong><br><strong>einzuhalten ist.&nbsp;&nbsp;<\/strong><\/p>\n\n\n\n<p><strong>3.<\/strong>&nbsp; <strong>Am Standort\/Sitzplatz kann die Maske abgenommen werden.&nbsp;<\/strong><\/p>\n\n\n\n<p><\/p>\n\n\n\n<figure class=\"wp-block-table aligncenter\"><table><tbody><tr><td><span class=\"has-inline-color has-vivid-red-color\"><strong>B.<\/strong>&nbsp; <strong>Weitere Ma\u00dfnahmen in Verbindung mit der \u00d6ffnung der Gastst\u00e4tte&nbsp;&nbsp;<\/strong><\/span><\/td><\/tr><\/tbody><\/table><\/figure>\n\n\n\n<figure class=\"wp-block-table aligncenter\"><table><tbody><tr><td><strong>Besucher, die die 3G Regelung<\/strong> <strong>erf\u00fcllen&nbsp;<\/strong><\/td><td class=\"has-text-align-left\" data-align=\"left\"><strong>Besucher, die<\/strong> <strong>die 3G Regelung<\/strong> <strong><span class=\"has-inline-color has-vivid-red-color\">nicht<\/span><\/strong> <strong>erf\u00fcllen<\/strong>&nbsp;<\/td><\/tr><tr><td><strong>Kennzeichnung durch ein B\u00e4ndchen&nbsp; <\/strong><img decoding=\"async\" width=\"1\" height=\"1\" src=\"file:\/\/\/C:\/Users\/z003dt3f\/AppData\/Local\/Temp\/msohtmlclip1\/01\/clip_image001.gif\"><img decoding=\"async\" width=\"1\" height=\"1\" src=\"file:\/\/\/C:\/Users\/z003dt3f\/AppData\/Local\/Temp\/msohtmlclip1\/01\/clip_image001.gif\"><strong>am Handgelenk&nbsp;<\/strong><\/td><td class=\"has-text-align-left\" data-align=\"left\"><\/td><\/tr><tr><td><strong>Zugang zum Au\u00dfenbereich und<\/strong><img decoding=\"async\" width=\"1\" height=\"1\" src=\"file:\/\/\/C:\/Users\/z003dt3f\/AppData\/Local\/Temp\/msohtmlclip1\/01\/clip_image001.gif\"><img decoding=\"async\" width=\"1\" height=\"1\" src=\"file:\/\/\/C:\/Users\/z003dt3f\/AppData\/Local\/Temp\/msohtmlclip1\/01\/clip_image001.gif\"><img decoding=\"async\" width=\"1\" height=\"1\" src=\"file:\/\/\/C:\/Users\/z003dt3f\/AppData\/Local\/Temp\/msohtmlclip1\/01\/clip_image001.gif\"><br><strong>Innenbereich des Sportplatzes\/-<\/strong><br><strong>Einrichtungen&nbsp;incl. der<\/strong> <img decoding=\"async\" width=\"1\" height=\"1\" src=\"file:\/\/\/C:\/Users\/z003dt3f\/AppData\/Local\/Temp\/msohtmlclip1\/01\/clip_image001.gif\"><img decoding=\"async\" width=\"1\" height=\"1\" src=\"file:\/\/\/C:\/Users\/z003dt3f\/AppData\/Local\/Temp\/msohtmlclip1\/01\/clip_image001.gif\"><strong>Vereinsgastst\u00e4tte<\/strong><br>&nbsp;<\/td><td class=\"has-text-align-left\" data-align=\"left\"><strong>Zugang&nbsp;nur<\/strong> <strong>zum Au\u00dfenbereich des Sportplatzes&nbsp;<\/strong><\/td><\/tr><\/tbody><\/table><\/figure>\n\n\n\n<p>Stand 8.9.2021&nbsp;<\/p>\n\n\n\n<p><br><\/p>\n\n\n\n<div class=\"wp-block-file\"><a href=\"https:\/\/www.sv-lengede.de\/svl\/wp-content\/uploads\/2021\/09\/SVL-Uebersicht-3G-Aussenbereich-und-Gaststaette.pdf\">Sportverein Lengede von 1912 e.V. &#8211; Zugang zu den Au\u00dfen-Sportanlagen\/-einrichtungen des Vereins<\/a><a href=\"https:\/\/www.sv-lengede.de\/svl\/wp-content\/uploads\/2021\/09\/SVL-Uebersicht-3G-Aussenbereich-und-Gaststaette.pdf\" class=\"wp-block-file__button\" download>Herunterladen<\/a><\/div>\n\n\n\n<p><\/p>\n","protected":false},"excerpt":{"rendered":"<p>Der Landkreis Peine hat wegen der \u00dcberschreitung der 7-Tage-Inzidenz eine\u00a0<br \/>\nAllgemeinverf\u00fcgung erlassen. Damit gelten ab dem 02.09.2021 f\u00fcr das gesamte\u00a0Gebiet des Landkreises diejenigen Schutzma\u00dfnahmen, die nach \u00a7 8 der\u00a0[&#8230;]<\/p>\n","protected":false},"author":1,"featured_media":4833,"comment_status":"closed","ping_status":"closed","sticky":false,"template":"","format":"standard","meta":{"footnotes":""},"categories":[91,1],"tags":[],"class_list":["post-8013","post","type-post","status-publish","format-standard","has-post-thumbnail","hentry","category-covid19","category-verein"],"rttpg_featured_image_url":{"full":["https:\/\/www.sv-lengede.de\/svl\/wp-content\/uploads\/2021\/05\/SVL_transparent_75x75.png",73,73,false],"landscape":["https:\/\/www.sv-lengede.de\/svl\/wp-content\/uploads\/2021\/05\/SVL_transparent_75x75.png",73,73,false],"portraits":["https:\/\/www.sv-lengede.de\/svl\/wp-content\/uploads\/2021\/05\/SVL_transparent_75x75.png",73,73,false],"thumbnail":["https:\/\/www.sv-lengede.de\/svl\/wp-content\/uploads\/2021\/05\/SVL_transparent_75x75.png",73,73,false],"medium":["https:\/\/www.sv-lengede.de\/svl\/wp-content\/uploads\/2021\/05\/SVL_transparent_75x75.png",73,73,false],"large":["https:\/\/www.sv-lengede.de\/svl\/wp-content\/uploads\/2021\/05\/SVL_transparent_75x75.png",73,73,false],"1536x1536":["https:\/\/www.sv-lengede.de\/svl\/wp-content\/uploads\/2021\/05\/SVL_transparent_75x75.png",73,73,false],"2048x2048":["https:\/\/www.sv-lengede.de\/svl\/wp-content\/uploads\/2021\/05\/SVL_transparent_75x75.png",73,73,false],"rt_custom":["https:\/\/www.sv-lengede.de\/svl\/wp-content\/uploads\/2021\/05\/SVL_transparent_75x75.png",73,73,false]},"rttpg_author":{"display_name":"svladmin","author_link":"https:\/\/www.sv-lengede.de\/svl\/author\/svladmin\/"},"rttpg_comment":0,"rttpg_category":"<a href=\"https:\/\/www.sv-lengede.de\/svl\/category\/covid19\/\" rel=\"category tag\">Corona Regeln<\/a> <a href=\"https:\/\/www.sv-lengede.de\/svl\/category\/verein\/\" rel=\"category tag\">Verein<\/a>","rttpg_excerpt":"Der Landkreis Peine hat wegen der \u00dcberschreitung der 7-Tage-Inzidenz eine\u00a0 Allgemeinverf\u00fcgung erlassen. Damit gelten ab dem 02.09.2021 f\u00fcr das gesamte\u00a0Gebiet des Landkreises diejenigen Schutzma\u00dfnahmen, die nach \u00a7 8 der\u00a0[...]","_links":{"self":[{"href":"https:\/\/www.sv-lengede.de\/svl\/wp-json\/wp\/v2\/posts\/8013","targetHints":{"allow":["GET"]}}],"collection":[{"href":"https:\/\/www.sv-lengede.de\/svl\/wp-json\/wp\/v2\/posts"}],"about":[{"href":"https:\/\/www.sv-lengede.de\/svl\/wp-json\/wp\/v2\/types\/post"}],"author":[{"embeddable":true,"href":"https:\/\/www.sv-lengede.de\/svl\/wp-json\/wp\/v2\/users\/1"}],"replies":[{"embeddable":true,"href":"https:\/\/www.sv-lengede.de\/svl\/wp-json\/wp\/v2\/comments?post=8013"}],"version-history":[{"count":9,"href":"https:\/\/www.sv-lengede.de\/svl\/wp-json\/wp\/v2\/posts\/8013\/revisions"}],"predecessor-version":[{"id":8025,"href":"https:\/\/www.sv-lengede.de\/svl\/wp-json\/wp\/v2\/posts\/8013\/revisions\/8025"}],"wp:featuredmedia":[{"embeddable":true,"href":"https:\/\/www.sv-lengede.de\/svl\/wp-json\/wp\/v2\/media\/4833"}],"wp:attachment":[{"href":"https:\/\/www.sv-lengede.de\/svl\/wp-json\/wp\/v2\/media?parent=8013"}],"wp:term":[{"taxonomy":"category","embeddable":true,"href":"https:\/\/www.sv-lengede.de\/svl\/wp-json\/wp\/v2\/categories?post=8013"},{"taxonomy":"post_tag","embeddable":true,"href":"https:\/\/www.sv-lengede.de\/svl\/wp-json\/wp\/v2\/tags?post=8013"}],"curies":[{"name":"wp","href":"https:\/\/api.w.org\/{rel}","templated":true}]}}