{"id":702,"date":"2015-04-14T09:30:32","date_gmt":"2015-04-14T07:30:32","guid":{"rendered":"http:\/\/www.sv-lengede.de\/svl\/?p=702"},"modified":"2015-04-14T09:31:16","modified_gmt":"2015-04-14T07:31:16","slug":"ein-mannschaftsfoto-der-2-herren-mit-vertretern-der-svl-teufel","status":"publish","type":"post","link":"https:\/\/www.sv-lengede.de\/svl\/ein-mannschaftsfoto-der-2-herren-mit-vertretern-der-svl-teufel\/","title":{"rendered":"Ein Mannschaftsfoto der 2. Herren mit Vertretern des Fanklubs &#8222;SVL-Teufel&#8220;"},"content":{"rendered":"<p><a href=\"https:\/\/www.sv-lengede.de\/svl\/wp-content\/uploads\/2015\/04\/Mannschaftsfoto_03_15a.jpg\">Aufgenommen im M\u00e4rz 2015<br \/>\nEin Klick vergr\u00f6\u00dfert das Bild<\/a><\/p>\n<p><a href=\"https:\/\/www.sv-lengede.de\/svl\/wp-content\/uploads\/2015\/04\/Mannschaftsfoto_03_15a.jpg\" target=\"_blank\"><img fetchpriority=\"high\" decoding=\"async\" class=\"alignnone size-medium wp-image-703\" src=\"https:\/\/www.sv-lengede.de\/svl\/wp-content\/uploads\/2015\/04\/Mannschaftsfoto_03_15a-300x172.jpg\" alt=\"Mannschaftsfoto_03_15a\" width=\"300\" height=\"172\" srcset=\"https:\/\/www.sv-lengede.de\/svl\/wp-content\/uploads\/2015\/04\/Mannschaftsfoto_03_15a-300x172.jpg 300w, https:\/\/www.sv-lengede.de\/svl\/wp-content\/uploads\/2015\/04\/Mannschaftsfoto_03_15a-600x344.jpg 600w, https:\/\/www.sv-lengede.de\/svl\/wp-content\/uploads\/2015\/04\/Mannschaftsfoto_03_15a-560x321.jpg 560w, https:\/\/www.sv-lengede.de\/svl\/wp-content\/uploads\/2015\/04\/Mannschaftsfoto_03_15a-260x149.jpg 260w, https:\/\/www.sv-lengede.de\/svl\/wp-content\/uploads\/2015\/04\/Mannschaftsfoto_03_15a-160x92.jpg 160w, https:\/\/www.sv-lengede.de\/svl\/wp-content\/uploads\/2015\/04\/Mannschaftsfoto_03_15a.jpg 1731w\" sizes=\"(max-width: 300px) 100vw, 300px\" \/><\/a><\/p>\n","protected":false},"excerpt":{"rendered":"<p>Aufgenommen im M\u00e4rz 2015 Ein Klick vergr\u00f6\u00dfert das Bild<\/p>\n","protected":false},"author":1,"featured_media":97,"comment_status":"closed","ping_status":"closed","sticky":false,"template":"","format":"standard","meta":{"footnotes":""},"categories":[44,4],"tags":[],"class_list":["post-702","post","type-post","status-publish","format-standard","has-post-thumbnail","hentry","category-2-herren","category-fussball"],"rttpg_featured_image_url":{"full":["https:\/\/www.sv-lengede.de\/svl\/wp-content\/uploads\/2014\/12\/fussball-feature.png",64,74,false],"landscape":["https:\/\/www.sv-lengede.de\/svl\/wp-content\/uploads\/2014\/12\/fussball-feature.png",64,74,false],"portraits":["https:\/\/www.sv-lengede.de\/svl\/wp-content\/uploads\/2014\/12\/fussball-feature.png",64,74,false],"thumbnail":["https:\/\/www.sv-lengede.de\/svl\/wp-content\/uploads\/2014\/12\/fussball-feature.png",64,74,false],"medium":["https:\/\/www.sv-lengede.de\/svl\/wp-content\/uploads\/2014\/12\/fussball-feature.png",64,74,false],"large":["https:\/\/www.sv-lengede.de\/svl\/wp-content\/uploads\/2014\/12\/fussball-feature.png",64,74,false],"1536x1536":["https:\/\/www.sv-lengede.de\/svl\/wp-content\/uploads\/2014\/12\/fussball-feature.png",64,74,false],"2048x2048":["https:\/\/www.sv-lengede.de\/svl\/wp-content\/uploads\/2014\/12\/fussball-feature.png",64,74,false],"rt_custom":["https:\/\/www.sv-lengede.de\/svl\/wp-content\/uploads\/2014\/12\/fussball-feature.png",64,74,false]},"rttpg_author":{"display_name":"svladmin","author_link":"https:\/\/www.sv-lengede.de\/svl\/author\/svladmin\/"},"rttpg_comment":0,"rttpg_category":"<a href=\"https:\/\/www.sv-lengede.de\/svl\/category\/fussball\/2-herren\/\" rel=\"category tag\">2. Herren<\/a> <a href=\"https:\/\/www.sv-lengede.de\/svl\/category\/fussball\/\" rel=\"category tag\">Fu\u00dfball<\/a>","rttpg_excerpt":"Aufgenommen im M\u00e4rz 2015 Ein Klick vergr\u00f6\u00dfert das Bild","_links":{"self":[{"href":"https:\/\/www.sv-lengede.de\/svl\/wp-json\/wp\/v2\/posts\/702","targetHints":{"allow":["GET"]}}],"collection":[{"href":"https:\/\/www.sv-lengede.de\/svl\/wp-json\/wp\/v2\/posts"}],"about":[{"href":"https:\/\/www.sv-lengede.de\/svl\/wp-json\/wp\/v2\/types\/post"}],"author":[{"embeddable":true,"href":"https:\/\/www.sv-lengede.de\/svl\/wp-json\/wp\/v2\/users\/1"}],"replies":[{"embeddable":true,"href":"https:\/\/www.sv-lengede.de\/svl\/wp-json\/wp\/v2\/comments?post=702"}],"version-history":[{"count":3,"href":"https:\/\/www.sv-lengede.de\/svl\/wp-json\/wp\/v2\/posts\/702\/revisions"}],"predecessor-version":[{"id":706,"href":"https:\/\/www.sv-lengede.de\/svl\/wp-json\/wp\/v2\/posts\/702\/revisions\/706"}],"wp:featuredmedia":[{"embeddable":true,"href":"https:\/\/www.sv-lengede.de\/svl\/wp-json\/wp\/v2\/media\/97"}],"wp:attachment":[{"href":"https:\/\/www.sv-lengede.de\/svl\/wp-json\/wp\/v2\/media?parent=702"}],"wp:term":[{"taxonomy":"category","embeddable":true,"href":"https:\/\/www.sv-lengede.de\/svl\/wp-json\/wp\/v2\/categories?post=702"},{"taxonomy":"post_tag","embeddable":true,"href":"https:\/\/www.sv-lengede.de\/svl\/wp-json\/wp\/v2\/tags?post=702"}],"curies":[{"name":"wp","href":"https:\/\/api.w.org\/{rel}","templated":true}]}}