{"id":631,"date":"2015-03-13T08:54:39","date_gmt":"2015-03-13T07:54:39","guid":{"rendered":"http:\/\/www.sv-lengede.de\/svl\/?p=631"},"modified":"2015-03-13T10:28:17","modified_gmt":"2015-03-13T09:28:17","slug":"spende-fuer-die-leichtathleten-von-der-firma-stoeplan","status":"publish","type":"post","link":"https:\/\/www.sv-lengede.de\/svl\/spende-fuer-die-leichtathleten-von-der-firma-stoeplan\/","title":{"rendered":"Spende f\u00fcr die Leichtathleten von der Firma STOEPLAN Projektsteuerung.Planung.Bauleitung."},"content":{"rendered":"<p><a href=\"https:\/\/www.sv-lengede.de\/svl\/wp-content\/uploads\/2015\/03\/20150313.leichtathletik.sponsor.stoeplan.klein_.jpg\" target=\"_blank\"><img fetchpriority=\"high\" decoding=\"async\" class=\"alignnone size-full wp-image-633\" src=\"https:\/\/www.sv-lengede.de\/svl\/wp-content\/uploads\/2015\/03\/20150313.leichtathletik.sponsor.stoeplan.klein_.jpg\" alt=\"???????????????????????????????\" width=\"1965\" height=\"1306\" srcset=\"https:\/\/www.sv-lengede.de\/svl\/wp-content\/uploads\/2015\/03\/20150313.leichtathletik.sponsor.stoeplan.klein_.jpg 1965w, https:\/\/www.sv-lengede.de\/svl\/wp-content\/uploads\/2015\/03\/20150313.leichtathletik.sponsor.stoeplan.klein_-300x199.jpg 300w, https:\/\/www.sv-lengede.de\/svl\/wp-content\/uploads\/2015\/03\/20150313.leichtathletik.sponsor.stoeplan.klein_-600x399.jpg 600w, https:\/\/www.sv-lengede.de\/svl\/wp-content\/uploads\/2015\/03\/20150313.leichtathletik.sponsor.stoeplan.klein_-560x372.jpg 560w, https:\/\/www.sv-lengede.de\/svl\/wp-content\/uploads\/2015\/03\/20150313.leichtathletik.sponsor.stoeplan.klein_-260x173.jpg 260w, https:\/\/www.sv-lengede.de\/svl\/wp-content\/uploads\/2015\/03\/20150313.leichtathletik.sponsor.stoeplan.klein_-160x106.jpg 160w\" sizes=\"(max-width: 1965px) 100vw, 1965px\" \/><\/a><\/p>\n<p>Die Firma\u00a0<strong>STOEPLAN Projektsteuerung.Planung.Bauleitung<\/strong>. (Holger St\u00f6\u00dfel, Bildmitte) Lengede stellte der Leichtathletikabteilung des SVL Speere und Diskusscheiben mit dem Werbeaufdruck der Firma f\u00fcr den Trainings &#8211; und Wettkampfbetrieb zur Verf\u00fcgung. Die Freude war gro\u00df.<\/p>\n<p>Herzlichen Dank f\u00fcr die Unterst\u00fctzung!<\/p>\n","protected":false},"excerpt":{"rendered":"<p>Die Firma\u00a0STOEPLAN Projektsteuerung.Planung.Bauleitung. (Holger St\u00f6\u00dfel, Bildmitte) Lengede stellte der Leichtathletikabteilung des SVL Speere und Diskusscheiben mit dem Werbeaufdruck der Firma f\u00fcr den<\/p>\n<p class=\"link-more\"><a class=\"myButt \" href=\"https:\/\/www.sv-lengede.de\/svl\/spende-fuer-die-leichtathleten-von-der-firma-stoeplan\/\">Read More<\/a><\/p>\n","protected":false},"author":1,"featured_media":176,"comment_status":"closed","ping_status":"closed","sticky":false,"template":"","format":"standard","meta":{"footnotes":""},"categories":[12],"tags":[],"class_list":["post-631","post","type-post","status-publish","format-standard","has-post-thumbnail","hentry","category-leichtathletik"],"rttpg_featured_image_url":{"full":["https:\/\/www.sv-lengede.de\/svl\/wp-content\/uploads\/2011\/12\/leichtathletik.png",64,64,false],"landscape":["https:\/\/www.sv-lengede.de\/svl\/wp-content\/uploads\/2011\/12\/leichtathletik.png",64,64,false],"portraits":["https:\/\/www.sv-lengede.de\/svl\/wp-content\/uploads\/2011\/12\/leichtathletik.png",64,64,false],"thumbnail":["https:\/\/www.sv-lengede.de\/svl\/wp-content\/uploads\/2011\/12\/leichtathletik.png",64,64,false],"medium":["https:\/\/www.sv-lengede.de\/svl\/wp-content\/uploads\/2011\/12\/leichtathletik.png",64,64,false],"large":["https:\/\/www.sv-lengede.de\/svl\/wp-content\/uploads\/2011\/12\/leichtathletik.png",64,64,false],"1536x1536":["https:\/\/www.sv-lengede.de\/svl\/wp-content\/uploads\/2011\/12\/leichtathletik.png",64,64,false],"2048x2048":["https:\/\/www.sv-lengede.de\/svl\/wp-content\/uploads\/2011\/12\/leichtathletik.png",64,64,false],"rt_custom":["https:\/\/www.sv-lengede.de\/svl\/wp-content\/uploads\/2011\/12\/leichtathletik.png",64,64,false]},"rttpg_author":{"display_name":"svladmin","author_link":"https:\/\/www.sv-lengede.de\/svl\/author\/svladmin\/"},"rttpg_comment":0,"rttpg_category":"<a href=\"https:\/\/www.sv-lengede.de\/svl\/category\/leichtathletik\/\" rel=\"category tag\">Leichtathletik<\/a>","rttpg_excerpt":"Die Firma\u00a0STOEPLAN Projektsteuerung.Planung.Bauleitung. (Holger St\u00f6\u00dfel, Bildmitte) Lengede stellte der Leichtathletikabteilung des SVL Speere und Diskusscheiben mit dem Werbeaufdruck der Firma f\u00fcr denRead More","_links":{"self":[{"href":"https:\/\/www.sv-lengede.de\/svl\/wp-json\/wp\/v2\/posts\/631","targetHints":{"allow":["GET"]}}],"collection":[{"href":"https:\/\/www.sv-lengede.de\/svl\/wp-json\/wp\/v2\/posts"}],"about":[{"href":"https:\/\/www.sv-lengede.de\/svl\/wp-json\/wp\/v2\/types\/post"}],"author":[{"embeddable":true,"href":"https:\/\/www.sv-lengede.de\/svl\/wp-json\/wp\/v2\/users\/1"}],"replies":[{"embeddable":true,"href":"https:\/\/www.sv-lengede.de\/svl\/wp-json\/wp\/v2\/comments?post=631"}],"version-history":[{"count":5,"href":"https:\/\/www.sv-lengede.de\/svl\/wp-json\/wp\/v2\/posts\/631\/revisions"}],"predecessor-version":[{"id":638,"href":"https:\/\/www.sv-lengede.de\/svl\/wp-json\/wp\/v2\/posts\/631\/revisions\/638"}],"wp:featuredmedia":[{"embeddable":true,"href":"https:\/\/www.sv-lengede.de\/svl\/wp-json\/wp\/v2\/media\/176"}],"wp:attachment":[{"href":"https:\/\/www.sv-lengede.de\/svl\/wp-json\/wp\/v2\/media?parent=631"}],"wp:term":[{"taxonomy":"category","embeddable":true,"href":"https:\/\/www.sv-lengede.de\/svl\/wp-json\/wp\/v2\/categories?post=631"},{"taxonomy":"post_tag","embeddable":true,"href":"https:\/\/www.sv-lengede.de\/svl\/wp-json\/wp\/v2\/tags?post=631"}],"curies":[{"name":"wp","href":"https:\/\/api.w.org\/{rel}","templated":true}]}}