{"id":5116,"date":"2021-07-07T07:14:20","date_gmt":"2021-07-07T05:14:20","guid":{"rendered":"https:\/\/www.sv-lengede.de\/svl\/?p=5116"},"modified":"2021-07-07T07:15:04","modified_gmt":"2021-07-07T05:15:04","slug":"pressemitteilung-des-sportvereins-lengede-zur-mitgliederversammlung-am-18-06-2021","status":"publish","type":"post","link":"https:\/\/www.sv-lengede.de\/svl\/pressemitteilung-des-sportvereins-lengede-zur-mitgliederversammlung-am-18-06-2021\/","title":{"rendered":"Pressemitteilung des Sportvereins Lengede zur Mitgliederversammlung am 18.06.2021"},"content":{"rendered":"\n<figure class=\"wp-block-image size-large\"><img fetchpriority=\"high\" decoding=\"async\" width=\"1453\" height=\"343\" src=\"https:\/\/www.sv-lengede.de\/svl\/wp-content\/uploads\/2021\/07\/MGV_06_2021.jpg\" alt=\"\" class=\"wp-image-5117\" srcset=\"https:\/\/www.sv-lengede.de\/svl\/wp-content\/uploads\/2021\/07\/MGV_06_2021.jpg 1453w, https:\/\/www.sv-lengede.de\/svl\/wp-content\/uploads\/2021\/07\/MGV_06_2021-300x71.jpg 300w, https:\/\/www.sv-lengede.de\/svl\/wp-content\/uploads\/2021\/07\/MGV_06_2021-768x181.jpg 768w\" sizes=\"(max-width: 1453px) 100vw, 1453px\" \/><\/figure>\n\n\n\n<p class=\"has-text-align-center\">Der Vorsitzende des SV Lengede -Wolfgang Werner- begr\u00fc\u00dfte zu dieser MGV 2021 die Teilnehmer unter Corona-Bedingungen bei 30 Grad im Schatten diesmal auf der Sportanlage am Schachtweg. F\u00fcr eine <br>Erleichterung sorgte der Schatten der B\u00e4ume und ein k\u00fchles Getr\u00e4nk. Die Veranstaltung war trotz der Hitze sehr gut besucht, galt es doch langj\u00e4hrige Mitglieder zu ehren. Da der Sportbetrieb bis auf zahlreiche Online-<br>Sportangebote komplett eingestellt werden musste, gab es diesmal keine sportlichen Ehrungen. Nach den Gru\u00dfworten der B\u00fcrgermeisterin Maren Wegener und der Ortsb\u00fcrgermeisterin Monika Herbst f\u00fchrte der gew\u00e4hlte  Versammlungsleiter Marius Schenkel souver\u00e4n durch die Tagesordnung. Ein Thema neben den Ehrungen f\u00fcr langj\u00e4hrige Mitgliedschaft war der Rechenschaftsbericht des Vorstandes. Der Vorsitzende Wolfgang Werner<br>berichtete \u00fcber die Situation des SV Lengede wie folgt: \u201eJa, die Corona-Pandemie beeinflusst nun seit etwa Mitte M\u00e4rz 2020 das \u00f6ffentliche Leben und damit auch alle sportlichen Bet\u00e4tigungen, sowohl im Freizeit- als auch im Amateurbereich. Der Verein war gezwungen zun\u00e4chst s\u00e4mtliche \u00dcbungs- und Trainingsaktivit\u00e4ten einzustellen. \u00dcber Wochen waren s\u00e4mtliche Sportst\u00e4tten des Ortes geschlossen. Ab etwa Mitte Mai war dann wieder unter strengen Auflagen Training im Freien erlaubt. Zwar sehr eingeschr\u00e4nkt konnten aber in der zweiten Juniwoche sogar die Hallen schon wieder genutzt werden. Der Vorstand dankt ausdr\u00fccklich allen \u00dcbungsleitern und Trainern die, ob sofort oder sp\u00e4ter, den Mut hatten ihre Stunden wieder anzubieten. Jeder musste umfangreiche organisatorische Ma\u00dfnahmen treffen und eine geh\u00f6rige Portion pers\u00f6nlicher Verantwortung \u00fcbernehmen. Wir wissen dieses Engagement zu sch\u00e4tzen und sprechen noch einmal unseren herzlichen Dank daf\u00fcr aus. Es gingen aber alle Beteiligten verantwortungsvoll mit der Situation um, so dass sich der Sportverein nie mit Corona-bedingten Beschwerden oder gar Konsequenzen besch\u00e4ftigen musste, obwohl wir zus\u00e4tzlich mit dem pl\u00f6tzlichen Tod von Axel eine schwere H\u00fcrde \u00fcberwinden mussten. Das Fehlen von Axel Cramm offenbarte, wie viele T\u00e4tigkeiten, unsichtbar von der \u00d6ffentlichkeit, von ihm geleistet wurden. Es ist immer noch sehr schwer diese L\u00fccke zu schlie\u00dfen, trotz des gro\u00dfen spontanen Engagements der Vorst\u00e4nde und Helfer. Es war nicht leicht, M\u00f6glichkeiten f\u00fcr sportliche Aktivit\u00e4ten zu finden. Aber einige Gruppen bewegten sich durch Online-Angebote unserer \u00dcbungsleiterinnen und \u00dcbungsleiter. Leider waren unsere Kinder und Jugendlichen bei dieser Pandemie besonders betroffen. Sch\u00f6pfte man im letzten Sommer Hoffnung das es besser wird, wurden im Herbst mit der dritten Welle entt\u00e4uscht. Es gab keine Fu\u00dfball, keine Leichtathletik, kein Turnen, kein Schwimmen \u2013 einfach nichts! Dabei ist es so wichtig, dass die Kinder Sport treiben um eine gesunde Entwicklung zu bef\u00f6rdern. Der Sportverein mit seinem sozialen Leben fehlt uns allen. Wir hoffen, dass bei Befolgung der Vorsichtsma\u00dfnahmen bald ein etwas normaleres Leben einkehrt. Das w\u00fcnschen wir uns auch f\u00fcr den Gastst\u00e4ttenbetrieb, der finanziell sehr schlecht da steht, weil nach der Renovierung keine Einnahmen mehr zu verzeichnen waren. Hoffen wir auf die Zeit nach den Ferien und ich kann euch nur auffordern, kommt und besucht unsere Sportheimgastst\u00e4tte.\u201c Danach erfolgte durch die Schatzmeisterin Stine Herdin der Kassenbericht. Sie erl\u00e4uterte, die Einnahmen und Ausgaben sowie dem Umlauf- und Vereins- verm\u00f6gen. Anschlie\u00dfend berichtete die Vertreterin der Kassenpr\u00fcfer*innen \u00fcber die Kassenpr\u00fcfung. Es gab keine Beanstandungen und die Schatzmeisterin, der Vorstand, der Gesamtvorstand und die Abteilungen wurden von der Versammlung einstimmig entlastet. Wie immer sind die Ehrungen f\u00fcr die Treue zum Verein ein besonderer Punkt einer Mitgliederversammlung, so wurde das Ehrenmitglied Herbert Krautwald f\u00fcr 70 Jahre Mitgliedschaft geehrt und Wolfgang Werner wurde durch das Vorstandsmitglied Holger Meier f\u00fcr 60 Jahre Mitgliedschaft geehrt und ihm wurde die Ehrenmitgliedschaft des SV Lengede verliehen. Weitere Ehrungen wurden ebenfalls durchgef\u00fchrt (siehe Liste). Mit einem Danksch\u00f6n an die Abteilungsleitungen und Helferinnen und Helfer wurde die Versammlung beendet. Eine Teilnehmerin meinte zum Schluss, \u201eEs<br>war eine sehr emotionale Versammlung\u201c.<\/p>\n\n\n\n<p><\/p>\n\n\n\n<p class=\"has-text-align-center\">Mit einem herzlichen Gl\u00fcckauf<br>Wolfgang Werner<br>Vorsitzender<\/p>\n\n\n\n<p><\/p>\n\n\n\n<p class=\"has-text-align-center has-medium-font-size\"><strong>Ehrungen 2021<\/strong><\/p>\n\n\n\n<div class=\"wp-block-image\"><figure class=\"aligncenter size-large is-resized\"><img decoding=\"async\" src=\"https:\/\/www.sv-lengede.de\/svl\/wp-content\/uploads\/2021\/07\/Ehrung-70-Herbert-Krautwald-3000x2002.jpeg\" alt=\"\" class=\"wp-image-5118\" width=\"566\" height=\"377\" srcset=\"https:\/\/www.sv-lengede.de\/svl\/wp-content\/uploads\/2021\/07\/Ehrung-70-Herbert-Krautwald-3000x2002.jpeg 3000w, https:\/\/www.sv-lengede.de\/svl\/wp-content\/uploads\/2021\/07\/Ehrung-70-Herbert-Krautwald-300x200.jpeg 300w, https:\/\/www.sv-lengede.de\/svl\/wp-content\/uploads\/2021\/07\/Ehrung-70-Herbert-Krautwald-768x513.jpeg 768w, https:\/\/www.sv-lengede.de\/svl\/wp-content\/uploads\/2021\/07\/Ehrung-70-Herbert-Krautwald-1536x1025.jpeg 1536w, https:\/\/www.sv-lengede.de\/svl\/wp-content\/uploads\/2021\/07\/Ehrung-70-Herbert-Krautwald-2048x1367.jpeg 2048w\" sizes=\"(max-width: 566px) 100vw, 566px\" \/><\/figure><\/div>\n\n\n\n<p class=\"has-text-align-center\"><br>Krautwald Herbert 70-Jahre Mitgliedschaft<br>Werner Wolfgang 60-Jahre Mitgliedschaft<br>Lelonek Detlef 50-Jahre Mitgliedschaft<br>Keil Peter 50-Jahre Mitgliedschaft<br>Beier Anita 50-Jahre Mitgliedschaft<br>Everling Thomas 40-Jahre Mitgliedschaft<br>Grunert Matthias 40-Jahre Mitgliedschaft<br>Schindler Dagmar 40-Jahre Mitgliedschaft<br>Schilling Hans-J\u00fcrgen 35-Jahre Mitgliedschaft<br>Keilholz Claus-J\u00fcrgen 35-Jahre Mitgliedschaft<br>Dubiel Burkhard 35-Jahre Mitgliedschaft<br>Skade Horst 35-Jahre Mitgliedschaft<br>Kobbe Claudia 35-Jahre Mitgliedschaft<br>Kl\u00fcggen Hans-Peter 35-Jahre Mitgliedschaft<br>Knoblauch Monika 35-Jahre Mitgliedschaft<br>Wilke J\u00f6rn 35-Jahre Mitgliedschaft<br>Lange Brigitte 35-Jahre Mitgliedschaft<br>Schilling Gundula 35-Jahre Mitgliedschaft<br>Reiter Roswitha 35-Jahre Mitgliedschaft<br>Beerbom Christine 25-Jahre Mitgliedschaft<br>Brunke Ingrid 25-Jahre Mitgliedschaft<br>Heyne J\u00f6rg 25-Jahre Mitgliedschaft<br>Schmidt Wolfgang 25-Jahre Mitgliedschaft<br>L\u00fcddemann Witalia 25-Jahre Mitgliedschaft<br>Bodenstab Gisela 25-Jahre Mitgliedschaft<br>Lisson Margarete 25-Jahre Mitgliedschaft<br>Lelonek Joachim 25-Jahre Mitgliedschaft<br>Wrede Andre 25-Jahre Mitgliedschaft<br>Raschka Philipp 25-Jahre Mitgliedschaft<br>Lelonek Jana 25-Jahre Mitgliedschaft<br>Horaiske Sebastian 25-Jahre Mitgliedschaft<br>Rainis Marko 25-Jahre Mitgliedschaft<br>H\u00e4rtel Frank 25-Jahre Mitgliedschaft<\/p>\n","protected":false},"excerpt":{"rendered":"<p>Der Vorsitzende des SV Lengede -Wolfgang Werner- begr\u00fc\u00dfte zu dieser MGV 2021 die Teilnehmer unter Corona-Bedingungen bei 30 Grad im Schatten [&#8230;]<\/p>\n","protected":false},"author":1,"featured_media":4833,"comment_status":"closed","ping_status":"closed","sticky":false,"template":"","format":"standard","meta":{"footnotes":""},"categories":[1],"tags":[],"class_list":["post-5116","post","type-post","status-publish","format-standard","has-post-thumbnail","hentry","category-verein"],"rttpg_featured_image_url":{"full":["https:\/\/www.sv-lengede.de\/svl\/wp-content\/uploads\/2021\/05\/SVL_transparent_75x75.png",73,73,false],"landscape":["https:\/\/www.sv-lengede.de\/svl\/wp-content\/uploads\/2021\/05\/SVL_transparent_75x75.png",73,73,false],"portraits":["https:\/\/www.sv-lengede.de\/svl\/wp-content\/uploads\/2021\/05\/SVL_transparent_75x75.png",73,73,false],"thumbnail":["https:\/\/www.sv-lengede.de\/svl\/wp-content\/uploads\/2021\/05\/SVL_transparent_75x75.png",73,73,false],"medium":["https:\/\/www.sv-lengede.de\/svl\/wp-content\/uploads\/2021\/05\/SVL_transparent_75x75.png",73,73,false],"large":["https:\/\/www.sv-lengede.de\/svl\/wp-content\/uploads\/2021\/05\/SVL_transparent_75x75.png",73,73,false],"1536x1536":["https:\/\/www.sv-lengede.de\/svl\/wp-content\/uploads\/2021\/05\/SVL_transparent_75x75.png",73,73,false],"2048x2048":["https:\/\/www.sv-lengede.de\/svl\/wp-content\/uploads\/2021\/05\/SVL_transparent_75x75.png",73,73,false],"rt_custom":["https:\/\/www.sv-lengede.de\/svl\/wp-content\/uploads\/2021\/05\/SVL_transparent_75x75.png",73,73,false]},"rttpg_author":{"display_name":"svladmin","author_link":"https:\/\/www.sv-lengede.de\/svl\/author\/svladmin\/"},"rttpg_comment":0,"rttpg_category":"<a href=\"https:\/\/www.sv-lengede.de\/svl\/category\/verein\/\" rel=\"category tag\">Verein<\/a>","rttpg_excerpt":"Der Vorsitzende des SV Lengede -Wolfgang Werner- begr\u00fc\u00dfte zu dieser MGV 2021 die Teilnehmer unter Corona-Bedingungen bei 30 Grad im Schatten [...]","_links":{"self":[{"href":"https:\/\/www.sv-lengede.de\/svl\/wp-json\/wp\/v2\/posts\/5116","targetHints":{"allow":["GET"]}}],"collection":[{"href":"https:\/\/www.sv-lengede.de\/svl\/wp-json\/wp\/v2\/posts"}],"about":[{"href":"https:\/\/www.sv-lengede.de\/svl\/wp-json\/wp\/v2\/types\/post"}],"author":[{"embeddable":true,"href":"https:\/\/www.sv-lengede.de\/svl\/wp-json\/wp\/v2\/users\/1"}],"replies":[{"embeddable":true,"href":"https:\/\/www.sv-lengede.de\/svl\/wp-json\/wp\/v2\/comments?post=5116"}],"version-history":[{"count":8,"href":"https:\/\/www.sv-lengede.de\/svl\/wp-json\/wp\/v2\/posts\/5116\/revisions"}],"predecessor-version":[{"id":5126,"href":"https:\/\/www.sv-lengede.de\/svl\/wp-json\/wp\/v2\/posts\/5116\/revisions\/5126"}],"wp:featuredmedia":[{"embeddable":true,"href":"https:\/\/www.sv-lengede.de\/svl\/wp-json\/wp\/v2\/media\/4833"}],"wp:attachment":[{"href":"https:\/\/www.sv-lengede.de\/svl\/wp-json\/wp\/v2\/media?parent=5116"}],"wp:term":[{"taxonomy":"category","embeddable":true,"href":"https:\/\/www.sv-lengede.de\/svl\/wp-json\/wp\/v2\/categories?post=5116"},{"taxonomy":"post_tag","embeddable":true,"href":"https:\/\/www.sv-lengede.de\/svl\/wp-json\/wp\/v2\/tags?post=5116"}],"curies":[{"name":"wp","href":"https:\/\/api.w.org\/{rel}","templated":true}]}}