{"id":4698,"date":"2021-05-10T10:33:29","date_gmt":"2021-05-10T08:33:29","guid":{"rendered":"https:\/\/www.sv-lengede.de\/svl\/?p=4698"},"modified":"2021-05-22T19:29:03","modified_gmt":"2021-05-22T17:29:03","slug":"mitglieder-info-mai-2021","status":"publish","type":"post","link":"https:\/\/www.sv-lengede.de\/svl\/mitglieder-info-mai-2021\/","title":{"rendered":"Mitglieder-Info &#8211; Mai 2021"},"content":{"rendered":"\n<p><a href=\"https:\/\/www.sv-lengede.de\/svl\/wp-content\/uploads\/2021\/05\/Mitglieder-Info-Mai-2021-1.pdf\">Mitglieder-Info &#8211; Mai 2021 als PDF-Dokument<\/a><\/p>\n\n\n\n<p>Liebe Sportfreunde*innen, <br>wir hoffen und w\u00fcnschen euch, dass ihr die Covid 19 Pandemie bislang gut \u00fcberstanden habt. Wir alle hoffen darauf, dass die Zeiten nun insbesondere durch das Impfen wieder besser werden und wir zu unserem sportlichen Alltag zur\u00fcckkehren k\u00f6nnen. Dazu haben wir ein entsprechendes Hygiene- und Sicherheitskonzept erarbeitet, welches wir den Anforderungen der staatlichen Entscheidungen anpassen werden. <a href=\"https:\/\/www.sv-lengede.de\/svl\/?p=4407\">Aktuell findet ihr das aktuelle Hygiene- und Sicherheitskonzept hier.<\/a> <\/p>\n\n\n\n<p>Liebe Mitglieder*innen,<br>unser Verein ist mehr denn je auf die Mitgliedsbeitr\u00e4ge angewiesen und zum Schutz des Vereins auch verpflichtet die Mitgliedsbeitr\u00e4ge einzufordern, damit wir nicht die Gemeinn\u00fctzigkeit verlieren. Bei den Abteilungsbeitr\u00e4gen haben wir rechtlich etwas Spielraum, den wir in der Vergangenheit genutzt haben. Am 15.02.21 haben wir zu gro\u00dfen Teilen<br>die Abteilungsbeitr\u00e4ge nicht eingezogen. Aufgrund der derzeitigen Corona-Perspektive kann eine Wiederaufnahme des Sportbetriebes (wie auch immer) m\u00f6glich sein. Deshalb hat der Vorstand entschieden, die Abteilungsbeitr\u00e4ge anstatt f\u00fcr 3 Monate nur f\u00fcr 2 Monate einzuziehen. Als Vorstand m\u00f6chten wir uns an dieser Stelle f\u00fcr euer bisheriges Verst\u00e4ndnis, eure Solidarit\u00e4t und eure Geduld bedanken. Bisher haben wir moderate Austrittsw\u00fcnsche zu verzeichnen. Das l\u00e4sst uns positiv in die Zukunft schauen und st\u00e4rkt unseren Glauben, den Verein gemeinsam durch diese schwierige<br>Zeit steuern zu k\u00f6nnen. Wir sind uns sicher, dass nach dem Ende der Coronakrise Vereine und die Werte, die dort gelebt werden, f\u00fcr die Menschen wichtig und im sozialen Bereich hilfreich sein k\u00f6nnen. <\/p>\n\n\n\n<p>Liebe Mitglieder*innen,<br>wir m\u00f6chten noch darauf hinweisen, dass wir unserer Homepage, die wir seit 1997 eingerichtet haben, ein neues Gesicht gegeben haben. Daf\u00fcr m\u00f6chte wir uns bei unserem Vorstandskollegen <strong>Justin K\u00f6hler <\/strong>f\u00fcr seine M\u00fche recht herzlich bedanken.<br>Bedanken m\u00f6chten wir uns aber auch ganz besonders bei <strong>J\u00f6rg Heyne<\/strong>, der es \u00fcberhaupt erst m\u00f6glich machte, dass wir eine der ersten Vereinshomepage in unserer Region anbieten konnten. Schon<br>fast 25 Jahre ist J\u00f6rg gemeinsam mit <strong>Holger Meier<\/strong> federf\u00fchrend an der Homepage aktiv. <br>Euch \u201edreien\u201c ein herzliches Dankesch\u00f6n und weiterhin viel Erfolg und gute Zusammenarbeit.<\/p>\n\n\n\n<p><br>F\u00fcr den Vorstand<br>Wolfgang Werner<br>Vorsitzender<\/p>\n\n\n\n<p><\/p>\n\n\n\n<figure class=\"wp-block-image size-large\"><img fetchpriority=\"high\" decoding=\"async\" width=\"244\" height=\"210\" src=\"https:\/\/www.sv-lengede.de\/svl\/wp-content\/uploads\/2021\/05\/image.jpeg\" alt=\"\" class=\"wp-image-4803\"\/><\/figure>\n\n\n\n<p><\/p>\n","protected":false},"excerpt":{"rendered":"<p>Liebe Sportfreunde*innen,<br \/>\nwir hoffen und w\u00fcnschen euch, dass ihr die Covid 19 Pandemie bislang gut \u00fcberstanden habt. Wir alle hoffen darauf, dass die Zeiten nun insbesondere durch das Impfen wieder besser werden und wir zu unserem sportlichen Alltag zur\u00fcckkehren k\u00f6nnen. [&#8230;]<\/p>\n","protected":false},"author":1,"featured_media":4833,"comment_status":"closed","ping_status":"closed","sticky":false,"template":"","format":"standard","meta":{"footnotes":""},"categories":[1],"tags":[],"class_list":["post-4698","post","type-post","status-publish","format-standard","has-post-thumbnail","hentry","category-verein"],"rttpg_featured_image_url":{"full":["https:\/\/www.sv-lengede.de\/svl\/wp-content\/uploads\/2021\/05\/SVL_transparent_75x75.png",73,73,false],"landscape":["https:\/\/www.sv-lengede.de\/svl\/wp-content\/uploads\/2021\/05\/SVL_transparent_75x75.png",73,73,false],"portraits":["https:\/\/www.sv-lengede.de\/svl\/wp-content\/uploads\/2021\/05\/SVL_transparent_75x75.png",73,73,false],"thumbnail":["https:\/\/www.sv-lengede.de\/svl\/wp-content\/uploads\/2021\/05\/SVL_transparent_75x75.png",73,73,false],"medium":["https:\/\/www.sv-lengede.de\/svl\/wp-content\/uploads\/2021\/05\/SVL_transparent_75x75.png",73,73,false],"large":["https:\/\/www.sv-lengede.de\/svl\/wp-content\/uploads\/2021\/05\/SVL_transparent_75x75.png",73,73,false],"1536x1536":["https:\/\/www.sv-lengede.de\/svl\/wp-content\/uploads\/2021\/05\/SVL_transparent_75x75.png",73,73,false],"2048x2048":["https:\/\/www.sv-lengede.de\/svl\/wp-content\/uploads\/2021\/05\/SVL_transparent_75x75.png",73,73,false],"rt_custom":["https:\/\/www.sv-lengede.de\/svl\/wp-content\/uploads\/2021\/05\/SVL_transparent_75x75.png",73,73,false]},"rttpg_author":{"display_name":"svladmin","author_link":"https:\/\/www.sv-lengede.de\/svl\/author\/svladmin\/"},"rttpg_comment":0,"rttpg_category":"<a href=\"https:\/\/www.sv-lengede.de\/svl\/category\/verein\/\" rel=\"category tag\">Verein<\/a>","rttpg_excerpt":"Liebe Sportfreunde*innen, wir hoffen und w\u00fcnschen euch, dass ihr die Covid 19 Pandemie bislang gut \u00fcberstanden habt. Wir alle hoffen darauf, dass die Zeiten nun insbesondere durch das Impfen wieder besser werden und wir zu unserem sportlichen Alltag zur\u00fcckkehren k\u00f6nnen. [...]","_links":{"self":[{"href":"https:\/\/www.sv-lengede.de\/svl\/wp-json\/wp\/v2\/posts\/4698","targetHints":{"allow":["GET"]}}],"collection":[{"href":"https:\/\/www.sv-lengede.de\/svl\/wp-json\/wp\/v2\/posts"}],"about":[{"href":"https:\/\/www.sv-lengede.de\/svl\/wp-json\/wp\/v2\/types\/post"}],"author":[{"embeddable":true,"href":"https:\/\/www.sv-lengede.de\/svl\/wp-json\/wp\/v2\/users\/1"}],"replies":[{"embeddable":true,"href":"https:\/\/www.sv-lengede.de\/svl\/wp-json\/wp\/v2\/comments?post=4698"}],"version-history":[{"count":8,"href":"https:\/\/www.sv-lengede.de\/svl\/wp-json\/wp\/v2\/posts\/4698\/revisions"}],"predecessor-version":[{"id":4912,"href":"https:\/\/www.sv-lengede.de\/svl\/wp-json\/wp\/v2\/posts\/4698\/revisions\/4912"}],"wp:featuredmedia":[{"embeddable":true,"href":"https:\/\/www.sv-lengede.de\/svl\/wp-json\/wp\/v2\/media\/4833"}],"wp:attachment":[{"href":"https:\/\/www.sv-lengede.de\/svl\/wp-json\/wp\/v2\/media?parent=4698"}],"wp:term":[{"taxonomy":"category","embeddable":true,"href":"https:\/\/www.sv-lengede.de\/svl\/wp-json\/wp\/v2\/categories?post=4698"},{"taxonomy":"post_tag","embeddable":true,"href":"https:\/\/www.sv-lengede.de\/svl\/wp-json\/wp\/v2\/tags?post=4698"}],"curies":[{"name":"wp","href":"https:\/\/api.w.org\/{rel}","templated":true}]}}