{"id":409,"date":"2015-01-07T19:27:39","date_gmt":"2015-01-07T18:27:39","guid":{"rendered":"http:\/\/www.sv-lengede.de\/svl\/?p=409"},"modified":"2015-01-07T19:27:39","modified_gmt":"2015-01-07T18:27:39","slug":"vorbereitung-der-1-herren-auf-die-rueckrunde","status":"publish","type":"post","link":"https:\/\/www.sv-lengede.de\/svl\/vorbereitung-der-1-herren-auf-die-rueckrunde\/","title":{"rendered":"Vorbereitung der 1. Herren auf die R\u00fcckrunde"},"content":{"rendered":"<p>Am Donnerstagabend (8. Januar) startet der SVL mit der Vorbereitung f\u00fcr die R\u00fcckserie. Ein abwechslungsreiches Programm hat Coach Christian Gleich f\u00fcr seine Spieler ausgearbeitet.\u00a0Neben den Trainingseinheiten sind auch 5 Testspiele terminiert auf dem neuen Lengeder Kunstrasen. Zuschauer sind willkommen !\u00a0Zwischendurch geht es auch noch einmal in die Halle.<br \/>\nAm 25.Januar nimmt der SVL beim HARZER-HALLEN-MASTER von Goslar 08 teil.<br \/>\nVor dem 1.Punktspiel am Sonntag, 22.02. bei FT Braunschweig II findet das allj\u00e4hrliche Trainingslager statt. Von Freitag, 13.02. &#8211; 15.02. soll es den letzten &#8222;Feinschliff&#8220; geben \ud83d\ude09<\/p>\n<p><a href=\"https:\/\/www.sv-lengede.de\/svl\/wp-content\/uploads\/2015\/01\/20150107.fussball.1herren.vorbereitung.winter.jpg\"><img fetchpriority=\"high\" decoding=\"async\" class=\"alignnone size-full wp-image-410\" src=\"https:\/\/www.sv-lengede.de\/svl\/wp-content\/uploads\/2015\/01\/20150107.fussball.1herren.vorbereitung.winter.jpg\" alt=\"20150107.fussball.1herren.vorbereitung.winter\" width=\"850\" height=\"643\" srcset=\"https:\/\/www.sv-lengede.de\/svl\/wp-content\/uploads\/2015\/01\/20150107.fussball.1herren.vorbereitung.winter.jpg 850w, https:\/\/www.sv-lengede.de\/svl\/wp-content\/uploads\/2015\/01\/20150107.fussball.1herren.vorbereitung.winter-300x227.jpg 300w, https:\/\/www.sv-lengede.de\/svl\/wp-content\/uploads\/2015\/01\/20150107.fussball.1herren.vorbereitung.winter-560x424.jpg 560w, https:\/\/www.sv-lengede.de\/svl\/wp-content\/uploads\/2015\/01\/20150107.fussball.1herren.vorbereitung.winter-260x197.jpg 260w, https:\/\/www.sv-lengede.de\/svl\/wp-content\/uploads\/2015\/01\/20150107.fussball.1herren.vorbereitung.winter-160x121.jpg 160w\" sizes=\"(max-width: 850px) 100vw, 850px\" \/><\/a><\/p>\n","protected":false},"excerpt":{"rendered":"<p>Am Donnerstagabend (8. Januar) startet der SVL mit der Vorbereitung f\u00fcr die R\u00fcckserie. Ein abwechslungsreiches Programm hat Coach Christian Gleich f\u00fcr seine<\/p>\n<p class=\"link-more\"><a class=\"myButt \" href=\"https:\/\/www.sv-lengede.de\/svl\/vorbereitung-der-1-herren-auf-die-rueckrunde\/\">Read More<\/a><\/p>\n","protected":false},"author":1,"featured_media":97,"comment_status":"closed","ping_status":"closed","sticky":false,"template":"","format":"standard","meta":{"footnotes":""},"categories":[32,33,4],"tags":[],"class_list":["post-409","post","type-post","status-publish","format-standard","has-post-thumbnail","hentry","category-1herren","category-2014-2015","category-fussball"],"rttpg_featured_image_url":{"full":["https:\/\/www.sv-lengede.de\/svl\/wp-content\/uploads\/2014\/12\/fussball-feature.png",64,74,false],"landscape":["https:\/\/www.sv-lengede.de\/svl\/wp-content\/uploads\/2014\/12\/fussball-feature.png",64,74,false],"portraits":["https:\/\/www.sv-lengede.de\/svl\/wp-content\/uploads\/2014\/12\/fussball-feature.png",64,74,false],"thumbnail":["https:\/\/www.sv-lengede.de\/svl\/wp-content\/uploads\/2014\/12\/fussball-feature.png",64,74,false],"medium":["https:\/\/www.sv-lengede.de\/svl\/wp-content\/uploads\/2014\/12\/fussball-feature.png",64,74,false],"large":["https:\/\/www.sv-lengede.de\/svl\/wp-content\/uploads\/2014\/12\/fussball-feature.png",64,74,false],"1536x1536":["https:\/\/www.sv-lengede.de\/svl\/wp-content\/uploads\/2014\/12\/fussball-feature.png",64,74,false],"2048x2048":["https:\/\/www.sv-lengede.de\/svl\/wp-content\/uploads\/2014\/12\/fussball-feature.png",64,74,false],"rt_custom":["https:\/\/www.sv-lengede.de\/svl\/wp-content\/uploads\/2014\/12\/fussball-feature.png",64,74,false]},"rttpg_author":{"display_name":"svladmin","author_link":"https:\/\/www.sv-lengede.de\/svl\/author\/svladmin\/"},"rttpg_comment":0,"rttpg_category":"<a href=\"https:\/\/www.sv-lengede.de\/svl\/category\/fussball\/1herren\/\" rel=\"category tag\">1. Herren<\/a> <a href=\"https:\/\/www.sv-lengede.de\/svl\/category\/fussball\/1herren\/2014-2015\/\" rel=\"category tag\">2014-2015<\/a> <a href=\"https:\/\/www.sv-lengede.de\/svl\/category\/fussball\/\" rel=\"category tag\">Fu\u00dfball<\/a>","rttpg_excerpt":"Am Donnerstagabend (8. Januar) startet der SVL mit der Vorbereitung f\u00fcr die R\u00fcckserie. Ein abwechslungsreiches Programm hat Coach Christian Gleich f\u00fcr seineRead More","_links":{"self":[{"href":"https:\/\/www.sv-lengede.de\/svl\/wp-json\/wp\/v2\/posts\/409","targetHints":{"allow":["GET"]}}],"collection":[{"href":"https:\/\/www.sv-lengede.de\/svl\/wp-json\/wp\/v2\/posts"}],"about":[{"href":"https:\/\/www.sv-lengede.de\/svl\/wp-json\/wp\/v2\/types\/post"}],"author":[{"embeddable":true,"href":"https:\/\/www.sv-lengede.de\/svl\/wp-json\/wp\/v2\/users\/1"}],"replies":[{"embeddable":true,"href":"https:\/\/www.sv-lengede.de\/svl\/wp-json\/wp\/v2\/comments?post=409"}],"version-history":[{"count":1,"href":"https:\/\/www.sv-lengede.de\/svl\/wp-json\/wp\/v2\/posts\/409\/revisions"}],"predecessor-version":[{"id":411,"href":"https:\/\/www.sv-lengede.de\/svl\/wp-json\/wp\/v2\/posts\/409\/revisions\/411"}],"wp:featuredmedia":[{"embeddable":true,"href":"https:\/\/www.sv-lengede.de\/svl\/wp-json\/wp\/v2\/media\/97"}],"wp:attachment":[{"href":"https:\/\/www.sv-lengede.de\/svl\/wp-json\/wp\/v2\/media?parent=409"}],"wp:term":[{"taxonomy":"category","embeddable":true,"href":"https:\/\/www.sv-lengede.de\/svl\/wp-json\/wp\/v2\/categories?post=409"},{"taxonomy":"post_tag","embeddable":true,"href":"https:\/\/www.sv-lengede.de\/svl\/wp-json\/wp\/v2\/tags?post=409"}],"curies":[{"name":"wp","href":"https:\/\/api.w.org\/{rel}","templated":true}]}}