{"id":2526,"date":"2021-03-01T18:39:12","date_gmt":"2021-03-01T17:39:12","guid":{"rendered":"http:\/\/www.sv-lengede.de\/svl\/?p=2526"},"modified":"2021-05-10T09:59:35","modified_gmt":"2021-05-10T07:59:35","slug":"kondolenzbuch-axel-cramm","status":"publish","type":"post","link":"https:\/\/www.sv-lengede.de\/svl\/kondolenzbuch-axel-cramm\/","title":{"rendered":"Kondolenzbuch Axel Cramm"},"content":{"rendered":"\n<div class=\"wp-block-columns is-layout-flex wp-container-core-columns-is-layout-9d6595d7 wp-block-columns-is-layout-flex\">\n<div class=\"wp-block-column is-layout-flow wp-block-column-is-layout-flow\" style=\"flex-basis:100%\">\n<div class=\"wp-block-media-text alignwide has-media-on-the-right is-stacked-on-mobile is-vertically-aligned-center\" style=\"grid-template-columns:auto 31%\"><figure class=\"wp-block-media-text__media\"><img fetchpriority=\"high\" decoding=\"async\" width=\"768\" height=\"1024\" src=\"https:\/\/www.sv-lengede.de\/svl\/wp-content\/uploads\/2021\/03\/WhatsApp-Image-2021-02-08-at-11.43.22.jpeg\" alt=\"\" class=\"wp-image-4692 size-full\" srcset=\"https:\/\/www.sv-lengede.de\/svl\/wp-content\/uploads\/2021\/03\/WhatsApp-Image-2021-02-08-at-11.43.22.jpeg 768w, https:\/\/www.sv-lengede.de\/svl\/wp-content\/uploads\/2021\/03\/WhatsApp-Image-2021-02-08-at-11.43.22-225x300.jpeg 225w\" sizes=\"(max-width: 768px) 100vw, 768px\" \/><\/figure><div class=\"wp-block-media-text__content\">\n<p>Lieber Axel, du warst in unserer <strong>Sportfamilie <\/strong>ein wichtiger Mensch, ein Eckpfeiler und K\u00e4mpfer. <br><strong>Unsere Trauer ist sehr gro\u00df.<\/strong> Wir k\u00f6nnen nicht in Worte fassen, was f\u00fcr eine L\u00fccke Du in unserem Herzen und in unserer SVL-Familie hinterl\u00e4sst. <\/p>\n\n\n\n<p>Danke f\u00fcr die wundervollen und tollen Jahre mit Dir. Wir werden Dich sehr vermissen, aber nie vergessen!<br>Du wirst uns immer in Erinnerung bleiben!<br>Wir werden Dein Andenken und Deine Verdienste immer in Ehren halten und Deiner stets mit Respekt und aufrichtiger Anerkennung gedenken.<\/p>\n\n\n\n<p><strong>Danke f\u00fcr Alles, lieber Axel! Ruhe in Frieden!<\/strong><\/p>\n<\/div><\/div>\n<\/div>\n<\/div>\n\n\n\n<p class=\"has-text-align-center\"><\/p>\n\n\n\n<p><\/p>\n\n\n\n<p><\/p>\n\n\n\n<p style=\"font-size:15px\"><strong>Zus\u00e4tzliche Information:<\/strong><\/p>\n\n\n\n<p style=\"font-size:14px\">Hier besteht die M\u00f6glichkeit seine Anteilnahme unter Einhaltung der DSGVO <br>zu bekunden. Im Nachgang werden diese Trauerbekundungen in einem Buch    <br>zusammengefasst und k\u00f6nnen in der Gesch\u00e4ftsstelle des Vereins eingesehen <br>werden.<\/p>\n\n\n\n<p style=\"font-size:14px\">An Stelle von freundlich zugedachten Blumenspenden bitten die Angeh\u00f6rigen <br>um eine Spende an den Sozialfonds des SV Lengede bei der Volksbank Brawo <br>IBAN: <strong>DE93 2699 1066 7150 8730 01<\/strong><\/p>\n","protected":false},"excerpt":{"rendered":"<p><!-- wp:paragraph --><\/p>\n<p>Lieber Axel, du warst in unserer <strong>Sportfamilie <\/strong>ein wichtiger Mensch, ein Eckpfeiler und K\u00e4mpfer. <br \/><strong>Unsere Trauer ist sehr gro\u00df.<\/strong> Wir k\u00f6nnen nicht in Worte fassen, was f\u00fcr eine L\u00fccke Du in unserem Herzen und in unserer SVL-Familie hinterl\u00e4sst. <\/p>\n<p><!-- \/wp:paragraph --><\/p>\n<p><!-- wp:paragraph --><\/p>\n<p>Danke f\u00fcr die wundervollen und tollen Jahre mit Dir. Wir werden Dich sehr vermissen, aber nie vergessen!<br \/>Du wirst uns immer in Erinnerung bleiben!<br \/>Wir werden Dein Andenken und Deine Verdienste immer in Ehren halten und Deiner stets mit Respekt und aufrichtiger Anerkennung gedenken.<\/p>\n<p><!-- \/wp:paragraph --><\/p>\n","protected":false},"author":1,"featured_media":2790,"comment_status":"closed","ping_status":"closed","sticky":false,"template":"","format":"standard","meta":{"footnotes":""},"categories":[1],"tags":[],"class_list":["post-2526","post","type-post","status-publish","format-standard","has-post-thumbnail","hentry","category-verein"],"rttpg_featured_image_url":{"full":["https:\/\/www.sv-lengede.de\/svl\/wp-content\/uploads\/2021\/03\/SVL.png",150,150,false],"landscape":["https:\/\/www.sv-lengede.de\/svl\/wp-content\/uploads\/2021\/03\/SVL.png",150,150,false],"portraits":["https:\/\/www.sv-lengede.de\/svl\/wp-content\/uploads\/2021\/03\/SVL.png",150,150,false],"thumbnail":["https:\/\/www.sv-lengede.de\/svl\/wp-content\/uploads\/2021\/03\/SVL-150x150.png",150,150,true],"medium":["https:\/\/www.sv-lengede.de\/svl\/wp-content\/uploads\/2021\/03\/SVL.png",150,150,false],"large":["https:\/\/www.sv-lengede.de\/svl\/wp-content\/uploads\/2021\/03\/SVL.png",150,150,false],"1536x1536":["https:\/\/www.sv-lengede.de\/svl\/wp-content\/uploads\/2021\/03\/SVL.png",150,150,false],"2048x2048":["https:\/\/www.sv-lengede.de\/svl\/wp-content\/uploads\/2021\/03\/SVL.png",150,150,false],"rt_custom":["https:\/\/www.sv-lengede.de\/svl\/wp-content\/uploads\/2021\/03\/SVL.png",150,150,false]},"rttpg_author":{"display_name":"svladmin","author_link":"https:\/\/www.sv-lengede.de\/svl\/author\/svladmin\/"},"rttpg_comment":0,"rttpg_category":"<a href=\"https:\/\/www.sv-lengede.de\/svl\/category\/verein\/\" rel=\"category tag\">Verein<\/a>","rttpg_excerpt":"Lieber Axel, du warst in unserer Sportfamilie ein wichtiger Mensch, ein Eckpfeiler und K\u00e4mpfer. Unsere Trauer ist sehr gro\u00df. Wir k\u00f6nnen nicht in Worte fassen, was f\u00fcr eine L\u00fccke Du in unserem Herzen und in unserer SVL-Familie hinterl\u00e4sst. Danke f\u00fcr die wundervollen und tollen Jahre mit Dir. Wir werden Dich sehr vermissen, aber nie vergessen!Du&hellip;","_links":{"self":[{"href":"https:\/\/www.sv-lengede.de\/svl\/wp-json\/wp\/v2\/posts\/2526","targetHints":{"allow":["GET"]}}],"collection":[{"href":"https:\/\/www.sv-lengede.de\/svl\/wp-json\/wp\/v2\/posts"}],"about":[{"href":"https:\/\/www.sv-lengede.de\/svl\/wp-json\/wp\/v2\/types\/post"}],"author":[{"embeddable":true,"href":"https:\/\/www.sv-lengede.de\/svl\/wp-json\/wp\/v2\/users\/1"}],"replies":[{"embeddable":true,"href":"https:\/\/www.sv-lengede.de\/svl\/wp-json\/wp\/v2\/comments?post=2526"}],"version-history":[{"count":32,"href":"https:\/\/www.sv-lengede.de\/svl\/wp-json\/wp\/v2\/posts\/2526\/revisions"}],"predecessor-version":[{"id":4695,"href":"https:\/\/www.sv-lengede.de\/svl\/wp-json\/wp\/v2\/posts\/2526\/revisions\/4695"}],"wp:featuredmedia":[{"embeddable":true,"href":"https:\/\/www.sv-lengede.de\/svl\/wp-json\/wp\/v2\/media\/2790"}],"wp:attachment":[{"href":"https:\/\/www.sv-lengede.de\/svl\/wp-json\/wp\/v2\/media?parent=2526"}],"wp:term":[{"taxonomy":"category","embeddable":true,"href":"https:\/\/www.sv-lengede.de\/svl\/wp-json\/wp\/v2\/categories?post=2526"},{"taxonomy":"post_tag","embeddable":true,"href":"https:\/\/www.sv-lengede.de\/svl\/wp-json\/wp\/v2\/tags?post=2526"}],"curies":[{"name":"wp","href":"https:\/\/api.w.org\/{rel}","templated":true}]}}