{"id":2419,"date":"2020-09-28T09:09:58","date_gmt":"2020-09-28T07:09:58","guid":{"rendered":"http:\/\/www.sv-lengede.de\/svl\/?p=2419"},"modified":"2020-09-28T09:10:56","modified_gmt":"2020-09-28T07:10:56","slug":"damenmannschaft-des-svl","status":"publish","type":"post","link":"https:\/\/www.sv-lengede.de\/svl\/damenmannschaft-des-svl\/","title":{"rendered":"Damenmannschaft des SVL"},"content":{"rendered":"\n<figure class=\"wp-block-image size-large is-resized\"><img fetchpriority=\"high\" decoding=\"async\" src=\"https:\/\/www.sv-lengede.de\/svl\/wp-content\/uploads\/2020\/09\/IMG-20200925-WA0004.jpg\" alt=\"\" class=\"wp-image-2420\" width=\"797\" height=\"448\" srcset=\"https:\/\/www.sv-lengede.de\/svl\/wp-content\/uploads\/2020\/09\/IMG-20200925-WA0004.jpg 1368w, https:\/\/www.sv-lengede.de\/svl\/wp-content\/uploads\/2020\/09\/IMG-20200925-WA0004-300x169.jpg 300w, https:\/\/www.sv-lengede.de\/svl\/wp-content\/uploads\/2020\/09\/IMG-20200925-WA0004-768x432.jpg 768w\" sizes=\"(max-width: 797px) 100vw, 797px\" \/><\/figure>\n\n\n\n<p>Von vorne links:<br>Sina Wodarka, Laura D\u00f6ring, Lina Teutloff, Pamela Scherger, Franziska Ehlers, Nina Ratajczak, Lea-Emily Bessai, Alicia Girr, Merle Teutloff.<br>Von hinten links:<br>Trainer Sven Radespiel, Marie L\u00f6schmann, Nele Effner, Hanna Schulz, Anna Kretzschmar, Chiara Keding, Jule Bartels, Mareike Pohl, Betreuer Bj\u00f6rn Ratajczak, Tanja D\u00f6ring<\/p>\n","protected":false},"excerpt":{"rendered":"<p>Von vorne links:Sina Wodarka, Laura D\u00f6ring, Lina Teutloff, Pamela Scherger, Franziska Ehlers, Nina Ratajczak, Lea-Emily Bessai, Alicia Girr, Merle Teutloff.Von hinten links:Trainer<\/p>\n<p class=\"link-more\"><a class=\"myButt \" href=\"https:\/\/www.sv-lengede.de\/svl\/damenmannschaft-des-svl\/\">Read More<\/a><\/p>\n","protected":false},"author":1,"featured_media":97,"comment_status":"closed","ping_status":"closed","sticky":false,"template":"","format":"standard","meta":{"footnotes":""},"categories":[4],"tags":[],"class_list":["post-2419","post","type-post","status-publish","format-standard","has-post-thumbnail","hentry","category-fussball"],"rttpg_featured_image_url":{"full":["https:\/\/www.sv-lengede.de\/svl\/wp-content\/uploads\/2014\/12\/fussball-feature.png",64,74,false],"landscape":["https:\/\/www.sv-lengede.de\/svl\/wp-content\/uploads\/2014\/12\/fussball-feature.png",64,74,false],"portraits":["https:\/\/www.sv-lengede.de\/svl\/wp-content\/uploads\/2014\/12\/fussball-feature.png",64,74,false],"thumbnail":["https:\/\/www.sv-lengede.de\/svl\/wp-content\/uploads\/2014\/12\/fussball-feature.png",64,74,false],"medium":["https:\/\/www.sv-lengede.de\/svl\/wp-content\/uploads\/2014\/12\/fussball-feature.png",64,74,false],"large":["https:\/\/www.sv-lengede.de\/svl\/wp-content\/uploads\/2014\/12\/fussball-feature.png",64,74,false],"1536x1536":["https:\/\/www.sv-lengede.de\/svl\/wp-content\/uploads\/2014\/12\/fussball-feature.png",64,74,false],"2048x2048":["https:\/\/www.sv-lengede.de\/svl\/wp-content\/uploads\/2014\/12\/fussball-feature.png",64,74,false],"rt_custom":["https:\/\/www.sv-lengede.de\/svl\/wp-content\/uploads\/2014\/12\/fussball-feature.png",64,74,false]},"rttpg_author":{"display_name":"svladmin","author_link":"https:\/\/www.sv-lengede.de\/svl\/author\/svladmin\/"},"rttpg_comment":0,"rttpg_category":"<a href=\"https:\/\/www.sv-lengede.de\/svl\/category\/fussball\/\" rel=\"category tag\">Fu\u00dfball<\/a>","rttpg_excerpt":"Von vorne links:Sina Wodarka, Laura D\u00f6ring, Lina Teutloff, Pamela Scherger, Franziska Ehlers, Nina Ratajczak, Lea-Emily Bessai, Alicia Girr, Merle Teutloff.Von hinten links:TrainerRead More","_links":{"self":[{"href":"https:\/\/www.sv-lengede.de\/svl\/wp-json\/wp\/v2\/posts\/2419","targetHints":{"allow":["GET"]}}],"collection":[{"href":"https:\/\/www.sv-lengede.de\/svl\/wp-json\/wp\/v2\/posts"}],"about":[{"href":"https:\/\/www.sv-lengede.de\/svl\/wp-json\/wp\/v2\/types\/post"}],"author":[{"embeddable":true,"href":"https:\/\/www.sv-lengede.de\/svl\/wp-json\/wp\/v2\/users\/1"}],"replies":[{"embeddable":true,"href":"https:\/\/www.sv-lengede.de\/svl\/wp-json\/wp\/v2\/comments?post=2419"}],"version-history":[{"count":2,"href":"https:\/\/www.sv-lengede.de\/svl\/wp-json\/wp\/v2\/posts\/2419\/revisions"}],"predecessor-version":[{"id":2422,"href":"https:\/\/www.sv-lengede.de\/svl\/wp-json\/wp\/v2\/posts\/2419\/revisions\/2422"}],"wp:featuredmedia":[{"embeddable":true,"href":"https:\/\/www.sv-lengede.de\/svl\/wp-json\/wp\/v2\/media\/97"}],"wp:attachment":[{"href":"https:\/\/www.sv-lengede.de\/svl\/wp-json\/wp\/v2\/media?parent=2419"}],"wp:term":[{"taxonomy":"category","embeddable":true,"href":"https:\/\/www.sv-lengede.de\/svl\/wp-json\/wp\/v2\/categories?post=2419"},{"taxonomy":"post_tag","embeddable":true,"href":"https:\/\/www.sv-lengede.de\/svl\/wp-json\/wp\/v2\/tags?post=2419"}],"curies":[{"name":"wp","href":"https:\/\/api.w.org\/{rel}","templated":true}]}}