{"id":239,"date":"2014-12-16T13:41:05","date_gmt":"2014-12-16T12:41:05","guid":{"rendered":"http:\/\/www.sv-lengede.de\/svl\/?p=239"},"modified":"2014-12-16T13:41:05","modified_gmt":"2014-12-16T12:41:05","slug":"vgh-cup-lengedes-a-jugend-trifft-auf-den-ex-svl-kapitaen","status":"publish","type":"post","link":"https:\/\/www.sv-lengede.de\/svl\/vgh-cup-lengedes-a-jugend-trifft-auf-den-ex-svl-kapitaen\/","title":{"rendered":"VGH-CUP: Lengedes A-Jugend trifft auf den Ex-SVL-Kapit\u00e4n"},"content":{"rendered":"<p>Ein Vorbericht zum VGH-CUP in Lengede vo m 18.12. bis 21.12.2014 (Klick zum Vergr\u00f6\u00dfern)<\/p>\n<p><a href=\"https:\/\/www.sv-lengede.de\/svl\/wp-content\/uploads\/2014\/12\/20141216.fussball.vorbericht.vgh_.cup_.18.bis_.21.12.2014.jpg\" target=\"_blank\"><img fetchpriority=\"high\" decoding=\"async\" class=\"alignnone size-large wp-image-240\" src=\"https:\/\/www.sv-lengede.de\/svl\/wp-content\/uploads\/2014\/12\/20141216.fussball.vorbericht.vgh_.cup_.18.bis_.21.12.2014-1024x615.jpg\" alt=\"Vorbericht VGH CUP\" width=\"860\" height=\"516\" srcset=\"https:\/\/www.sv-lengede.de\/svl\/wp-content\/uploads\/2014\/12\/20141216.fussball.vorbericht.vgh_.cup_.18.bis_.21.12.2014-1024x615.jpg 1024w, https:\/\/www.sv-lengede.de\/svl\/wp-content\/uploads\/2014\/12\/20141216.fussball.vorbericht.vgh_.cup_.18.bis_.21.12.2014-300x180.jpg 300w, https:\/\/www.sv-lengede.de\/svl\/wp-content\/uploads\/2014\/12\/20141216.fussball.vorbericht.vgh_.cup_.18.bis_.21.12.2014-560x336.jpg 560w, https:\/\/www.sv-lengede.de\/svl\/wp-content\/uploads\/2014\/12\/20141216.fussball.vorbericht.vgh_.cup_.18.bis_.21.12.2014-260x156.jpg 260w, https:\/\/www.sv-lengede.de\/svl\/wp-content\/uploads\/2014\/12\/20141216.fussball.vorbericht.vgh_.cup_.18.bis_.21.12.2014-160x96.jpg 160w, https:\/\/www.sv-lengede.de\/svl\/wp-content\/uploads\/2014\/12\/20141216.fussball.vorbericht.vgh_.cup_.18.bis_.21.12.2014.jpg 1071w\" sizes=\"(max-width: 860px) 100vw, 860px\" \/><\/a><\/p>\n","protected":false},"excerpt":{"rendered":"<p>Ein Vorbericht zum VGH-CUP in Lengede vo m 18.12. bis 21.12.2014 (Klick zum Vergr\u00f6\u00dfern)<\/p>\n","protected":false},"author":1,"featured_media":97,"comment_status":"closed","ping_status":"closed","sticky":false,"template":"","format":"standard","meta":{"footnotes":""},"categories":[32,33,4,39],"tags":[],"class_list":["post-239","post","type-post","status-publish","format-standard","has-post-thumbnail","hentry","category-1herren","category-2014-2015","category-fussball","category-u19"],"rttpg_featured_image_url":{"full":["https:\/\/www.sv-lengede.de\/svl\/wp-content\/uploads\/2014\/12\/fussball-feature.png",64,74,false],"landscape":["https:\/\/www.sv-lengede.de\/svl\/wp-content\/uploads\/2014\/12\/fussball-feature.png",64,74,false],"portraits":["https:\/\/www.sv-lengede.de\/svl\/wp-content\/uploads\/2014\/12\/fussball-feature.png",64,74,false],"thumbnail":["https:\/\/www.sv-lengede.de\/svl\/wp-content\/uploads\/2014\/12\/fussball-feature.png",64,74,false],"medium":["https:\/\/www.sv-lengede.de\/svl\/wp-content\/uploads\/2014\/12\/fussball-feature.png",64,74,false],"large":["https:\/\/www.sv-lengede.de\/svl\/wp-content\/uploads\/2014\/12\/fussball-feature.png",64,74,false],"1536x1536":["https:\/\/www.sv-lengede.de\/svl\/wp-content\/uploads\/2014\/12\/fussball-feature.png",64,74,false],"2048x2048":["https:\/\/www.sv-lengede.de\/svl\/wp-content\/uploads\/2014\/12\/fussball-feature.png",64,74,false],"rt_custom":["https:\/\/www.sv-lengede.de\/svl\/wp-content\/uploads\/2014\/12\/fussball-feature.png",64,74,false]},"rttpg_author":{"display_name":"svladmin","author_link":"https:\/\/www.sv-lengede.de\/svl\/author\/svladmin\/"},"rttpg_comment":0,"rttpg_category":"<a href=\"https:\/\/www.sv-lengede.de\/svl\/category\/fussball\/1herren\/\" rel=\"category tag\">1. Herren<\/a> <a href=\"https:\/\/www.sv-lengede.de\/svl\/category\/fussball\/1herren\/2014-2015\/\" rel=\"category tag\">2014-2015<\/a> <a href=\"https:\/\/www.sv-lengede.de\/svl\/category\/fussball\/\" rel=\"category tag\">Fu\u00dfball<\/a> <a href=\"https:\/\/www.sv-lengede.de\/svl\/category\/fussball\/u19\/\" rel=\"category tag\">U19<\/a>","rttpg_excerpt":"Ein Vorbericht zum VGH-CUP in Lengede vo m 18.12. bis 21.12.2014 (Klick zum Vergr\u00f6\u00dfern)","_links":{"self":[{"href":"https:\/\/www.sv-lengede.de\/svl\/wp-json\/wp\/v2\/posts\/239","targetHints":{"allow":["GET"]}}],"collection":[{"href":"https:\/\/www.sv-lengede.de\/svl\/wp-json\/wp\/v2\/posts"}],"about":[{"href":"https:\/\/www.sv-lengede.de\/svl\/wp-json\/wp\/v2\/types\/post"}],"author":[{"embeddable":true,"href":"https:\/\/www.sv-lengede.de\/svl\/wp-json\/wp\/v2\/users\/1"}],"replies":[{"embeddable":true,"href":"https:\/\/www.sv-lengede.de\/svl\/wp-json\/wp\/v2\/comments?post=239"}],"version-history":[{"count":2,"href":"https:\/\/www.sv-lengede.de\/svl\/wp-json\/wp\/v2\/posts\/239\/revisions"}],"predecessor-version":[{"id":242,"href":"https:\/\/www.sv-lengede.de\/svl\/wp-json\/wp\/v2\/posts\/239\/revisions\/242"}],"wp:featuredmedia":[{"embeddable":true,"href":"https:\/\/www.sv-lengede.de\/svl\/wp-json\/wp\/v2\/media\/97"}],"wp:attachment":[{"href":"https:\/\/www.sv-lengede.de\/svl\/wp-json\/wp\/v2\/media?parent=239"}],"wp:term":[{"taxonomy":"category","embeddable":true,"href":"https:\/\/www.sv-lengede.de\/svl\/wp-json\/wp\/v2\/categories?post=239"},{"taxonomy":"post_tag","embeddable":true,"href":"https:\/\/www.sv-lengede.de\/svl\/wp-json\/wp\/v2\/tags?post=239"}],"curies":[{"name":"wp","href":"https:\/\/api.w.org\/{rel}","templated":true}]}}