{"id":1887,"date":"2018-03-31T16:25:45","date_gmt":"2018-03-31T14:25:45","guid":{"rendered":"http:\/\/www.sv-lengede.de\/svl\/?p=1887"},"modified":"2018-03-31T16:31:33","modified_gmt":"2018-03-31T14:31:33","slug":"das-fussballcamp-der-koeniglichen-in-lengede","status":"publish","type":"post","link":"https:\/\/www.sv-lengede.de\/svl\/das-fussballcamp-der-koeniglichen-in-lengede\/","title":{"rendered":"Das Fu\u00dfballcamp der K\u00f6niglichen in Lengede"},"content":{"rendered":"<p>Es haben ja schon einige mitbekommen. Ja, es stimmt.<\/p>\n<div class=\"gmail-text_exposed_show\">\n<p>In der KW30 vom 23.7.2018 bis 27.7.2018 findet das Jugendfu\u00dfball-Camp (7-15 Jahre) der K\u00f6niglichen bei uns auf dem Kunstrasenplatz in Lengede statt.<\/p>\n<p><a href=\"https:\/\/www.sv-lengede.de\/svl\/wp-content\/uploads\/2018\/03\/20180331.fussball.vereinsbanner.rm_.2018_600x300.jpeg\"><img fetchpriority=\"high\" decoding=\"async\" class=\"alignnone size-full wp-image-1888\" src=\"https:\/\/www.sv-lengede.de\/svl\/wp-content\/uploads\/2018\/03\/20180331.fussball.vereinsbanner.rm_.2018_600x300.jpeg\" alt=\"\" width=\"600\" height=\"300\" srcset=\"https:\/\/www.sv-lengede.de\/svl\/wp-content\/uploads\/2018\/03\/20180331.fussball.vereinsbanner.rm_.2018_600x300.jpeg 600w, https:\/\/www.sv-lengede.de\/svl\/wp-content\/uploads\/2018\/03\/20180331.fussball.vereinsbanner.rm_.2018_600x300-300x150.jpeg 300w\" sizes=\"(max-width: 600px) 100vw, 600px\" \/><\/a><\/p>\n<p>Ihr k\u00f6nnt Eure Kids ab sofort hier anmelden:<br \/>\nDas Aktuelle Angebot gilt nur f\u00fcr die n\u00e4chsten 4 Wochen, danach wird es teurer!!!<\/p>\n<p><a href=\"https:\/\/www.sv-lengede.de\/svl\/wp-content\/uploads\/2018\/03\/20180331.fussball.FRM_.clinic.logo_.jpg\"><img decoding=\"async\" class=\"alignnone size-full wp-image-1889\" src=\"https:\/\/www.sv-lengede.de\/svl\/wp-content\/uploads\/2018\/03\/20180331.fussball.FRM_.clinic.logo_.jpg\" alt=\"\" width=\"458\" height=\"242\" srcset=\"https:\/\/www.sv-lengede.de\/svl\/wp-content\/uploads\/2018\/03\/20180331.fussball.FRM_.clinic.logo_.jpg 458w, https:\/\/www.sv-lengede.de\/svl\/wp-content\/uploads\/2018\/03\/20180331.fussball.FRM_.clinic.logo_-300x159.jpg 300w\" sizes=\"(max-width: 458px) 100vw, 458px\" \/><\/a><\/p>\n<p><a href=\"https:\/\/frmclinics.com\/vereine-termine\/deutschland\/sv-lengede-23.07.2018-27.07.2018\" target=\"_blank\" rel=\"noopener noreferrer\">https:\/\/frmclinics.com\/&#8230;\/d&#8230;\/sv-lengede-23.07.2018-27.07.2018<\/a><\/p>\n<p>Alle Teilnehmer und Teilnehmerinnen erhalten ein Real Madrid Trikotset, einen Ball von Adidas sowie eine Trinkflasche und einen Sportbeutel.<\/p>\n<p>Sportgerechtes Mittagessen:<br \/>\nEs gibt jeden Tag gesundes Mittagessen vor Ort und die Kinder erhalten ausreichend Getr\u00e4nke.<\/p>\n<p>FOOTBALL + MORE:<br \/>\nF\u00fcr 7- bis 15-j\u00e4hrige M\u00e4dchen und Jungen<br \/>\nSpielanalyse mit personalisierter Scorecard<br \/>\nTransport von sportlichen, sozialen und kulturellen Werten<br \/>\nBest Teamplayer-Auszeichnung<\/p>\n<p>100 % REAL MADRID<br \/>\nTrainiert wird nach den Vorgaben der Jugendakademie von Real Madrid \u2013 unter Einsatz modernster Trainingsmaterialien.<\/p>\n<p>Neben dem Camp und der Weiterentwicklung hat jeder die Chance sich f\u00fcr ein Creator Camp zu qualifizieren.<br \/>\nDie Sieger der Creator Camps spielen dann als Botschafter Ihres Landes im Bernab\u00e9u.<\/p>\n<p>Solltet Ihr Fragen haben oder Hilfe ben\u00f6tigen, stehen wir Euch selbstverst\u00e4ndlich zur Verf\u00fcgung.<\/p>\n<p>Eure SVL-Jugenabteilung<\/p>\n<p>Vielen Dank geht an:<\/p>\n<p><a class=\"gmail-profileLink\" href=\"https:\/\/www.facebook.com\/RealMadrid\/?fref=mentions\" target=\"_blank\" rel=\"noopener noreferrer\">Real Madrid C.F.<\/a><br \/>\n<a class=\"gmail-profileLink\" href=\"https:\/\/www.facebook.com\/frmclinics\/?fref=mentions\" target=\"_blank\" rel=\"noopener noreferrer\">Fundaci\u00f3n Real Madrid Clinics Western Europe<\/a><\/p>\n<p><a href=\"https:\/\/www.sv-lengede.de\/svl\/wp-content\/uploads\/2018\/03\/20180331.fussball.camp_.real_.madrid.pdf.png\"><img decoding=\"async\" class=\"alignnone size-full wp-image-1892\" src=\"https:\/\/www.sv-lengede.de\/svl\/wp-content\/uploads\/2018\/03\/20180331.fussball.camp_.real_.madrid.pdf.png\" alt=\"\" width=\"640\" height=\"909\" srcset=\"https:\/\/www.sv-lengede.de\/svl\/wp-content\/uploads\/2018\/03\/20180331.fussball.camp_.real_.madrid.pdf.png 640w, https:\/\/www.sv-lengede.de\/svl\/wp-content\/uploads\/2018\/03\/20180331.fussball.camp_.real_.madrid.pdf-211x300.png 211w\" sizes=\"(max-width: 640px) 100vw, 640px\" \/><\/a><\/p>\n<\/div>\n","protected":false},"excerpt":{"rendered":"<p>Es haben ja schon einige mitbekommen. Ja, es stimmt. In der KW30 vom 23.7.2018 bis 27.7.2018 findet das Jugendfu\u00dfball-Camp (7-15 Jahre) der<\/p>\n<p class=\"link-more\"><a class=\"myButt \" href=\"https:\/\/www.sv-lengede.de\/svl\/das-fussballcamp-der-koeniglichen-in-lengede\/\">Read More<\/a><\/p>\n","protected":false},"author":1,"featured_media":97,"comment_status":"closed","ping_status":"closed","sticky":false,"template":"","format":"standard","meta":{"footnotes":""},"categories":[4],"tags":[],"class_list":["post-1887","post","type-post","status-publish","format-standard","has-post-thumbnail","hentry","category-fussball"],"rttpg_featured_image_url":{"full":["https:\/\/www.sv-lengede.de\/svl\/wp-content\/uploads\/2014\/12\/fussball-feature.png",64,74,false],"landscape":["https:\/\/www.sv-lengede.de\/svl\/wp-content\/uploads\/2014\/12\/fussball-feature.png",64,74,false],"portraits":["https:\/\/www.sv-lengede.de\/svl\/wp-content\/uploads\/2014\/12\/fussball-feature.png",64,74,false],"thumbnail":["https:\/\/www.sv-lengede.de\/svl\/wp-content\/uploads\/2014\/12\/fussball-feature.png",64,74,false],"medium":["https:\/\/www.sv-lengede.de\/svl\/wp-content\/uploads\/2014\/12\/fussball-feature.png",64,74,false],"large":["https:\/\/www.sv-lengede.de\/svl\/wp-content\/uploads\/2014\/12\/fussball-feature.png",64,74,false],"1536x1536":["https:\/\/www.sv-lengede.de\/svl\/wp-content\/uploads\/2014\/12\/fussball-feature.png",64,74,false],"2048x2048":["https:\/\/www.sv-lengede.de\/svl\/wp-content\/uploads\/2014\/12\/fussball-feature.png",64,74,false],"rt_custom":["https:\/\/www.sv-lengede.de\/svl\/wp-content\/uploads\/2014\/12\/fussball-feature.png",64,74,false]},"rttpg_author":{"display_name":"svladmin","author_link":"https:\/\/www.sv-lengede.de\/svl\/author\/svladmin\/"},"rttpg_comment":0,"rttpg_category":"<a href=\"https:\/\/www.sv-lengede.de\/svl\/category\/fussball\/\" rel=\"category tag\">Fu\u00dfball<\/a>","rttpg_excerpt":"Es haben ja schon einige mitbekommen. Ja, es stimmt. In der KW30 vom 23.7.2018 bis 27.7.2018 findet das Jugendfu\u00dfball-Camp (7-15 Jahre) derRead More","_links":{"self":[{"href":"https:\/\/www.sv-lengede.de\/svl\/wp-json\/wp\/v2\/posts\/1887","targetHints":{"allow":["GET"]}}],"collection":[{"href":"https:\/\/www.sv-lengede.de\/svl\/wp-json\/wp\/v2\/posts"}],"about":[{"href":"https:\/\/www.sv-lengede.de\/svl\/wp-json\/wp\/v2\/types\/post"}],"author":[{"embeddable":true,"href":"https:\/\/www.sv-lengede.de\/svl\/wp-json\/wp\/v2\/users\/1"}],"replies":[{"embeddable":true,"href":"https:\/\/www.sv-lengede.de\/svl\/wp-json\/wp\/v2\/comments?post=1887"}],"version-history":[{"count":3,"href":"https:\/\/www.sv-lengede.de\/svl\/wp-json\/wp\/v2\/posts\/1887\/revisions"}],"predecessor-version":[{"id":1893,"href":"https:\/\/www.sv-lengede.de\/svl\/wp-json\/wp\/v2\/posts\/1887\/revisions\/1893"}],"wp:featuredmedia":[{"embeddable":true,"href":"https:\/\/www.sv-lengede.de\/svl\/wp-json\/wp\/v2\/media\/97"}],"wp:attachment":[{"href":"https:\/\/www.sv-lengede.de\/svl\/wp-json\/wp\/v2\/media?parent=1887"}],"wp:term":[{"taxonomy":"category","embeddable":true,"href":"https:\/\/www.sv-lengede.de\/svl\/wp-json\/wp\/v2\/categories?post=1887"},{"taxonomy":"post_tag","embeddable":true,"href":"https:\/\/www.sv-lengede.de\/svl\/wp-json\/wp\/v2\/tags?post=1887"}],"curies":[{"name":"wp","href":"https:\/\/api.w.org\/{rel}","templated":true}]}}