{"id":1842,"date":"2018-02-14T14:52:46","date_gmt":"2018-02-14T13:52:46","guid":{"rendered":"http:\/\/www.sv-lengede.de\/svl\/?p=1842"},"modified":"2018-02-14T14:56:04","modified_gmt":"2018-02-14T13:56:04","slug":"eintracht4kids-foerdertraining-beim-sv-lengede","status":"publish","type":"post","link":"https:\/\/www.sv-lengede.de\/svl\/eintracht4kids-foerdertraining-beim-sv-lengede\/","title":{"rendered":"Eintracht4Kids &#8211; F\u00f6rdertraining beim SV Lengede"},"content":{"rendered":"<div dir=\"auto\">\n<div dir=\"auto\">\n+++ Eintracht4Kids &#8211; F\u00f6rdertraining beim SV Lengede +++<\/div>\n<div dir=\"auto\"><\/div>\n<div dir=\"auto\">Die Termine f\u00fcr das F\u00f6rdertraining durch Eintracht4Kids | Eintracht Braunschweig<\/div>\n<div dir=\"auto\">beim SV Lengede sind da.<\/div>\n<div dir=\"auto\"><\/div>\n<div dir=\"auto\">\n<p>Es gibt noch Freie Pl\u00e4tze. Ihr k\u00f6nnt Euch hier anmelden:<\/p>\n<p><a style=\"font-size: 1.0625rem;\" href=\"https:\/\/www.eintracht4kids.com\/fussballschule\/foerdertraining-2018\/\" target=\"_blank\" rel=\"noopener noreferrer\">https:\/\/www.eintracht4kids.com\/fussballschule\/foerdertraining-2018\/<\/a><\/p>\n<p><span style=\"font-size: 1.0625rem;\">4.April bis 9.Mai 2018 immer Mittwochs (6Wochen)<\/span><\/p>\n<\/div>\n<div dir=\"auto\">8-10 und 11&amp;12 Jahre<\/div>\n<div dir=\"auto\"><\/div>\n<div dir=\"auto\">und\/oder<\/div>\n<div dir=\"auto\"><\/div>\n<div dir=\"auto\">16.Mai bis 20.Juni 2018 immer Mittwochs<\/div>\n<div dir=\"auto\">(6 Wochen)<\/div>\n<div dir=\"auto\">8-10 und 11&amp;12 Jahre<\/div>\n<div dir=\"auto\"><\/div>\n<div dir=\"auto\">Eure SVL-Jugendabteilung<\/div>\n<\/div>\n<div dir=\"auto\"><a href=\"https:\/\/www.sv-lengede.de\/svl\/wp-content\/uploads\/2018\/02\/20180214_132420.jpg\"><img fetchpriority=\"high\" decoding=\"async\" class=\"alignnone size-full wp-image-1846\" src=\"https:\/\/www.sv-lengede.de\/svl\/wp-content\/uploads\/2018\/02\/20180214_132420.jpg\" alt=\"\" width=\"568\" height=\"351\" srcset=\"https:\/\/www.sv-lengede.de\/svl\/wp-content\/uploads\/2018\/02\/20180214_132420.jpg 568w, https:\/\/www.sv-lengede.de\/svl\/wp-content\/uploads\/2018\/02\/20180214_132420-300x185.jpg 300w\" sizes=\"(max-width: 568px) 100vw, 568px\" \/><\/a><\/div>\n<div dir=\"auto\"><a href=\"https:\/\/www.sv-lengede.de\/svl\/wp-content\/uploads\/2018\/02\/20180214_132444.jpg\"><img decoding=\"async\" class=\"alignnone size-full wp-image-1843\" src=\"https:\/\/www.sv-lengede.de\/svl\/wp-content\/uploads\/2018\/02\/20180214_132444.jpg\" alt=\"\" width=\"568\" height=\"344\" srcset=\"https:\/\/www.sv-lengede.de\/svl\/wp-content\/uploads\/2018\/02\/20180214_132444.jpg 568w, https:\/\/www.sv-lengede.de\/svl\/wp-content\/uploads\/2018\/02\/20180214_132444-300x182.jpg 300w\" sizes=\"(max-width: 568px) 100vw, 568px\" \/><\/a> <a href=\"https:\/\/www.sv-lengede.de\/svl\/wp-content\/uploads\/2018\/02\/20180214_132507.jpg\"><img decoding=\"async\" class=\"alignnone size-full wp-image-1844\" src=\"https:\/\/www.sv-lengede.de\/svl\/wp-content\/uploads\/2018\/02\/20180214_132507.jpg\" alt=\"\" width=\"568\" height=\"352\" srcset=\"https:\/\/www.sv-lengede.de\/svl\/wp-content\/uploads\/2018\/02\/20180214_132507.jpg 568w, https:\/\/www.sv-lengede.de\/svl\/wp-content\/uploads\/2018\/02\/20180214_132507-300x186.jpg 300w\" sizes=\"(max-width: 568px) 100vw, 568px\" \/><\/a> <a href=\"https:\/\/www.sv-lengede.de\/svl\/wp-content\/uploads\/2018\/02\/20180214_132523.jpg\"><img loading=\"lazy\" decoding=\"async\" class=\"alignnone size-full wp-image-1845\" src=\"https:\/\/www.sv-lengede.de\/svl\/wp-content\/uploads\/2018\/02\/20180214_132523.jpg\" alt=\"\" width=\"563\" height=\"347\" srcset=\"https:\/\/www.sv-lengede.de\/svl\/wp-content\/uploads\/2018\/02\/20180214_132523.jpg 563w, https:\/\/www.sv-lengede.de\/svl\/wp-content\/uploads\/2018\/02\/20180214_132523-300x185.jpg 300w\" sizes=\"(max-width: 563px) 100vw, 563px\" \/><\/a><\/div>\n","protected":false},"excerpt":{"rendered":"<p>+++ Eintracht4Kids &#8211; F\u00f6rdertraining beim SV Lengede +++ Die Termine f\u00fcr das F\u00f6rdertraining durch Eintracht4Kids | Eintracht Braunschweig beim SV Lengede sind<\/p>\n<p class=\"link-more\"><a class=\"myButt \" href=\"https:\/\/www.sv-lengede.de\/svl\/eintracht4kids-foerdertraining-beim-sv-lengede\/\">Read More<\/a><\/p>\n","protected":false},"author":1,"featured_media":97,"comment_status":"closed","ping_status":"closed","sticky":false,"template":"","format":"standard","meta":{"footnotes":""},"categories":[4,69],"tags":[],"class_list":["post-1842","post","type-post","status-publish","format-standard","has-post-thumbnail","hentry","category-fussball","category-g-bis-a-jugend"],"rttpg_featured_image_url":{"full":["https:\/\/www.sv-lengede.de\/svl\/wp-content\/uploads\/2014\/12\/fussball-feature.png",64,74,false],"landscape":["https:\/\/www.sv-lengede.de\/svl\/wp-content\/uploads\/2014\/12\/fussball-feature.png",64,74,false],"portraits":["https:\/\/www.sv-lengede.de\/svl\/wp-content\/uploads\/2014\/12\/fussball-feature.png",64,74,false],"thumbnail":["https:\/\/www.sv-lengede.de\/svl\/wp-content\/uploads\/2014\/12\/fussball-feature.png",64,74,false],"medium":["https:\/\/www.sv-lengede.de\/svl\/wp-content\/uploads\/2014\/12\/fussball-feature.png",64,74,false],"large":["https:\/\/www.sv-lengede.de\/svl\/wp-content\/uploads\/2014\/12\/fussball-feature.png",64,74,false],"1536x1536":["https:\/\/www.sv-lengede.de\/svl\/wp-content\/uploads\/2014\/12\/fussball-feature.png",64,74,false],"2048x2048":["https:\/\/www.sv-lengede.de\/svl\/wp-content\/uploads\/2014\/12\/fussball-feature.png",64,74,false],"rt_custom":["https:\/\/www.sv-lengede.de\/svl\/wp-content\/uploads\/2014\/12\/fussball-feature.png",64,74,false]},"rttpg_author":{"display_name":"svladmin","author_link":"https:\/\/www.sv-lengede.de\/svl\/author\/svladmin\/"},"rttpg_comment":0,"rttpg_category":"<a href=\"https:\/\/www.sv-lengede.de\/svl\/category\/fussball\/\" rel=\"category tag\">Fu\u00dfball<\/a> <a href=\"https:\/\/www.sv-lengede.de\/svl\/category\/fussball\/g-bis-a-jugend\/\" rel=\"category tag\">G Bis A Jugend<\/a>","rttpg_excerpt":"+++ Eintracht4Kids &#8211; F\u00f6rdertraining beim SV Lengede +++ Die Termine f\u00fcr das F\u00f6rdertraining durch Eintracht4Kids | Eintracht Braunschweig beim SV Lengede sindRead More","_links":{"self":[{"href":"https:\/\/www.sv-lengede.de\/svl\/wp-json\/wp\/v2\/posts\/1842","targetHints":{"allow":["GET"]}}],"collection":[{"href":"https:\/\/www.sv-lengede.de\/svl\/wp-json\/wp\/v2\/posts"}],"about":[{"href":"https:\/\/www.sv-lengede.de\/svl\/wp-json\/wp\/v2\/types\/post"}],"author":[{"embeddable":true,"href":"https:\/\/www.sv-lengede.de\/svl\/wp-json\/wp\/v2\/users\/1"}],"replies":[{"embeddable":true,"href":"https:\/\/www.sv-lengede.de\/svl\/wp-json\/wp\/v2\/comments?post=1842"}],"version-history":[{"count":9,"href":"https:\/\/www.sv-lengede.de\/svl\/wp-json\/wp\/v2\/posts\/1842\/revisions"}],"predecessor-version":[{"id":1855,"href":"https:\/\/www.sv-lengede.de\/svl\/wp-json\/wp\/v2\/posts\/1842\/revisions\/1855"}],"wp:featuredmedia":[{"embeddable":true,"href":"https:\/\/www.sv-lengede.de\/svl\/wp-json\/wp\/v2\/media\/97"}],"wp:attachment":[{"href":"https:\/\/www.sv-lengede.de\/svl\/wp-json\/wp\/v2\/media?parent=1842"}],"wp:term":[{"taxonomy":"category","embeddable":true,"href":"https:\/\/www.sv-lengede.de\/svl\/wp-json\/wp\/v2\/categories?post=1842"},{"taxonomy":"post_tag","embeddable":true,"href":"https:\/\/www.sv-lengede.de\/svl\/wp-json\/wp\/v2\/tags?post=1842"}],"curies":[{"name":"wp","href":"https:\/\/api.w.org\/{rel}","templated":true}]}}