{"id":1786,"date":"2018-01-03T11:25:27","date_gmt":"2018-01-03T10:25:27","guid":{"rendered":"http:\/\/www.sv-lengede.de\/svl\/?p=1786"},"modified":"2018-01-03T11:25:27","modified_gmt":"2018-01-03T10:25:27","slug":"sammeln-fuer-den-guten-zweck-die-kleinen-fussball-engel","status":"publish","type":"post","link":"https:\/\/www.sv-lengede.de\/svl\/sammeln-fuer-den-guten-zweck-die-kleinen-fussball-engel\/","title":{"rendered":"+++ Sammeln f\u00fcr den guten Zweck &#8211; Die kleinen Fu\u00dfball Engel +++"},"content":{"rendered":"<div dir=\"auto\"><a href=\"https:\/\/www.sv-lengede.de\/svl\/wp-content\/uploads\/2018\/01\/20180103.fussball.sammeln.plakat.jpg\"><img fetchpriority=\"high\" decoding=\"async\" class=\"alignnone size-full wp-image-1787\" src=\"https:\/\/www.sv-lengede.de\/svl\/wp-content\/uploads\/2018\/01\/20180103.fussball.sammeln.plakat.jpg\" alt=\"\" width=\"1280\" height=\"905\" srcset=\"https:\/\/www.sv-lengede.de\/svl\/wp-content\/uploads\/2018\/01\/20180103.fussball.sammeln.plakat.jpg 1280w, https:\/\/www.sv-lengede.de\/svl\/wp-content\/uploads\/2018\/01\/20180103.fussball.sammeln.plakat-300x212.jpg 300w, https:\/\/www.sv-lengede.de\/svl\/wp-content\/uploads\/2018\/01\/20180103.fussball.sammeln.plakat-768x543.jpg 768w\" sizes=\"(max-width: 1280px) 100vw, 1280px\" \/><\/a><\/div>\n<div dir=\"auto\">Wir sammeln von Januar bis Ende Februar f\u00fcr einen guten Zweck. Alle Spenden gehen im M\u00e4rz zu 100% an Bed\u00fcrftige Institutionen in der Region.<\/div>\n<div dir=\"auto\"><\/div>\n<div dir=\"auto\">Wir w\u00fcrden uns sehr freuen wenn ihr euch daran beteiligt. Ihr k\u00f6nnt die Sachen abgeben oder einfach anrufen und sie werden abgeholt.<\/div>\n<div dir=\"auto\"><\/div>\n<div dir=\"auto\">Alle wichtigen Informationen und die Kontakte findet ihr auf dem Bild.<\/div>\n<div dir=\"auto\"><\/div>\n<div dir=\"auto\">Vielen lieben Dank!<\/div>\n<div dir=\"auto\"><\/div>\n<div dir=\"auto\">Eure SVL Jugendabteilung<\/div>\n","protected":false},"excerpt":{"rendered":"<p>Wir sammeln von Januar bis Ende Februar f\u00fcr einen guten Zweck. Alle Spenden gehen im M\u00e4rz zu 100% an Bed\u00fcrftige Institutionen in<\/p>\n<p class=\"link-more\"><a class=\"myButt \" href=\"https:\/\/www.sv-lengede.de\/svl\/sammeln-fuer-den-guten-zweck-die-kleinen-fussball-engel\/\">Read More<\/a><\/p>\n","protected":false},"author":1,"featured_media":95,"comment_status":"closed","ping_status":"closed","sticky":false,"template":"","format":"standard","meta":{"footnotes":""},"categories":[4,1],"tags":[],"class_list":["post-1786","post","type-post","status-publish","format-standard","has-post-thumbnail","hentry","category-fussball","category-verein"],"rttpg_featured_image_url":{"full":["https:\/\/www.sv-lengede.de\/svl\/wp-content\/uploads\/2014\/12\/svl-logo-hp-klein.jpg",75,76,false],"landscape":["https:\/\/www.sv-lengede.de\/svl\/wp-content\/uploads\/2014\/12\/svl-logo-hp-klein.jpg",75,76,false],"portraits":["https:\/\/www.sv-lengede.de\/svl\/wp-content\/uploads\/2014\/12\/svl-logo-hp-klein.jpg",75,76,false],"thumbnail":["https:\/\/www.sv-lengede.de\/svl\/wp-content\/uploads\/2014\/12\/svl-logo-hp-klein.jpg",75,76,false],"medium":["https:\/\/www.sv-lengede.de\/svl\/wp-content\/uploads\/2014\/12\/svl-logo-hp-klein.jpg",75,76,false],"large":["https:\/\/www.sv-lengede.de\/svl\/wp-content\/uploads\/2014\/12\/svl-logo-hp-klein.jpg",75,76,false],"1536x1536":["https:\/\/www.sv-lengede.de\/svl\/wp-content\/uploads\/2014\/12\/svl-logo-hp-klein.jpg",75,76,false],"2048x2048":["https:\/\/www.sv-lengede.de\/svl\/wp-content\/uploads\/2014\/12\/svl-logo-hp-klein.jpg",75,76,false],"rt_custom":["https:\/\/www.sv-lengede.de\/svl\/wp-content\/uploads\/2014\/12\/svl-logo-hp-klein.jpg",75,76,false]},"rttpg_author":{"display_name":"svladmin","author_link":"https:\/\/www.sv-lengede.de\/svl\/author\/svladmin\/"},"rttpg_comment":0,"rttpg_category":"<a href=\"https:\/\/www.sv-lengede.de\/svl\/category\/fussball\/\" rel=\"category tag\">Fu\u00dfball<\/a> <a href=\"https:\/\/www.sv-lengede.de\/svl\/category\/verein\/\" rel=\"category tag\">Verein<\/a>","rttpg_excerpt":"Wir sammeln von Januar bis Ende Februar f\u00fcr einen guten Zweck. Alle Spenden gehen im M\u00e4rz zu 100% an Bed\u00fcrftige Institutionen inRead More","_links":{"self":[{"href":"https:\/\/www.sv-lengede.de\/svl\/wp-json\/wp\/v2\/posts\/1786","targetHints":{"allow":["GET"]}}],"collection":[{"href":"https:\/\/www.sv-lengede.de\/svl\/wp-json\/wp\/v2\/posts"}],"about":[{"href":"https:\/\/www.sv-lengede.de\/svl\/wp-json\/wp\/v2\/types\/post"}],"author":[{"embeddable":true,"href":"https:\/\/www.sv-lengede.de\/svl\/wp-json\/wp\/v2\/users\/1"}],"replies":[{"embeddable":true,"href":"https:\/\/www.sv-lengede.de\/svl\/wp-json\/wp\/v2\/comments?post=1786"}],"version-history":[{"count":1,"href":"https:\/\/www.sv-lengede.de\/svl\/wp-json\/wp\/v2\/posts\/1786\/revisions"}],"predecessor-version":[{"id":1788,"href":"https:\/\/www.sv-lengede.de\/svl\/wp-json\/wp\/v2\/posts\/1786\/revisions\/1788"}],"wp:featuredmedia":[{"embeddable":true,"href":"https:\/\/www.sv-lengede.de\/svl\/wp-json\/wp\/v2\/media\/95"}],"wp:attachment":[{"href":"https:\/\/www.sv-lengede.de\/svl\/wp-json\/wp\/v2\/media?parent=1786"}],"wp:term":[{"taxonomy":"category","embeddable":true,"href":"https:\/\/www.sv-lengede.de\/svl\/wp-json\/wp\/v2\/categories?post=1786"},{"taxonomy":"post_tag","embeddable":true,"href":"https:\/\/www.sv-lengede.de\/svl\/wp-json\/wp\/v2\/tags?post=1786"}],"curies":[{"name":"wp","href":"https:\/\/api.w.org\/{rel}","templated":true}]}}