{"id":1664,"date":"2017-05-31T14:02:36","date_gmt":"2017-05-31T12:02:36","guid":{"rendered":"http:\/\/www.sv-lengede.de\/svl\/?p=1664"},"modified":"2017-05-31T15:30:59","modified_gmt":"2017-05-31T13:30:59","slug":"fussball-der-emotionale-abschied-beim-landesligisten-sv-lengede","status":"publish","type":"post","link":"https:\/\/www.sv-lengede.de\/svl\/fussball-der-emotionale-abschied-beim-landesligisten-sv-lengede\/","title":{"rendered":"Fu\u00dfball: Der emotionale Abschied beim Landesligisten SV Lengede"},"content":{"rendered":"<p>Ein Klick auf das Bild \u00f6ffnet dieses in Originalgr\u00f6\u00dfe<\/p>\n<p><a href=\"https:\/\/www.sv-lengede.de\/svl\/wp-content\/uploads\/2017\/05\/20170528.fussball.abschied.gleich.marchefka.jpg\" target=\"_blank\" rel=\"noopener noreferrer\"><img fetchpriority=\"high\" decoding=\"async\" class=\"alignnone size-full wp-image-1665\" src=\"https:\/\/www.sv-lengede.de\/svl\/wp-content\/uploads\/2017\/05\/20170528.fussball.abschied.gleich.marchefka.jpg\" alt=\"\" width=\"1488\" height=\"910\" srcset=\"https:\/\/www.sv-lengede.de\/svl\/wp-content\/uploads\/2017\/05\/20170528.fussball.abschied.gleich.marchefka.jpg 1488w, https:\/\/www.sv-lengede.de\/svl\/wp-content\/uploads\/2017\/05\/20170528.fussball.abschied.gleich.marchefka-300x183.jpg 300w, https:\/\/www.sv-lengede.de\/svl\/wp-content\/uploads\/2017\/05\/20170528.fussball.abschied.gleich.marchefka-768x470.jpg 768w\" sizes=\"(max-width: 1488px) 100vw, 1488px\" \/><\/a><\/p>\n<p><a href=\"https:\/\/www.sv-lengede.de\/svl\/wp-content\/uploads\/2017\/05\/20170528.fussball.abschied.gleich.marchefka.2.jpg\" target=\"_blank\" rel=\"noopener noreferrer\"><img decoding=\"async\" class=\"alignnone size-full wp-image-1668\" src=\"https:\/\/www.sv-lengede.de\/svl\/wp-content\/uploads\/2017\/05\/20170528.fussball.abschied.gleich.marchefka.2.jpg\" alt=\"\" width=\"1256\" height=\"779\" srcset=\"https:\/\/www.sv-lengede.de\/svl\/wp-content\/uploads\/2017\/05\/20170528.fussball.abschied.gleich.marchefka.2.jpg 1256w, https:\/\/www.sv-lengede.de\/svl\/wp-content\/uploads\/2017\/05\/20170528.fussball.abschied.gleich.marchefka.2-300x186.jpg 300w, https:\/\/www.sv-lengede.de\/svl\/wp-content\/uploads\/2017\/05\/20170528.fussball.abschied.gleich.marchefka.2-768x476.jpg 768w\" sizes=\"(max-width: 1256px) 100vw, 1256px\" \/><\/a><\/p>\n","protected":false},"excerpt":{"rendered":"<p>Ein Klick auf das Bild \u00f6ffnet dieses in Originalgr\u00f6\u00dfe<\/p>\n","protected":false},"author":1,"featured_media":95,"comment_status":"closed","ping_status":"closed","sticky":false,"template":"","format":"standard","meta":{"footnotes":""},"categories":[32,4],"tags":[],"class_list":["post-1664","post","type-post","status-publish","format-standard","has-post-thumbnail","hentry","category-1herren","category-fussball"],"rttpg_featured_image_url":{"full":["https:\/\/www.sv-lengede.de\/svl\/wp-content\/uploads\/2014\/12\/svl-logo-hp-klein.jpg",75,76,false],"landscape":["https:\/\/www.sv-lengede.de\/svl\/wp-content\/uploads\/2014\/12\/svl-logo-hp-klein.jpg",75,76,false],"portraits":["https:\/\/www.sv-lengede.de\/svl\/wp-content\/uploads\/2014\/12\/svl-logo-hp-klein.jpg",75,76,false],"thumbnail":["https:\/\/www.sv-lengede.de\/svl\/wp-content\/uploads\/2014\/12\/svl-logo-hp-klein.jpg",75,76,false],"medium":["https:\/\/www.sv-lengede.de\/svl\/wp-content\/uploads\/2014\/12\/svl-logo-hp-klein.jpg",75,76,false],"large":["https:\/\/www.sv-lengede.de\/svl\/wp-content\/uploads\/2014\/12\/svl-logo-hp-klein.jpg",75,76,false],"1536x1536":["https:\/\/www.sv-lengede.de\/svl\/wp-content\/uploads\/2014\/12\/svl-logo-hp-klein.jpg",75,76,false],"2048x2048":["https:\/\/www.sv-lengede.de\/svl\/wp-content\/uploads\/2014\/12\/svl-logo-hp-klein.jpg",75,76,false],"rt_custom":["https:\/\/www.sv-lengede.de\/svl\/wp-content\/uploads\/2014\/12\/svl-logo-hp-klein.jpg",75,76,false]},"rttpg_author":{"display_name":"svladmin","author_link":"https:\/\/www.sv-lengede.de\/svl\/author\/svladmin\/"},"rttpg_comment":0,"rttpg_category":"<a href=\"https:\/\/www.sv-lengede.de\/svl\/category\/fussball\/1herren\/\" rel=\"category tag\">1. Herren<\/a> <a href=\"https:\/\/www.sv-lengede.de\/svl\/category\/fussball\/\" rel=\"category tag\">Fu\u00dfball<\/a>","rttpg_excerpt":"Ein Klick auf das Bild \u00f6ffnet dieses in Originalgr\u00f6\u00dfe","_links":{"self":[{"href":"https:\/\/www.sv-lengede.de\/svl\/wp-json\/wp\/v2\/posts\/1664","targetHints":{"allow":["GET"]}}],"collection":[{"href":"https:\/\/www.sv-lengede.de\/svl\/wp-json\/wp\/v2\/posts"}],"about":[{"href":"https:\/\/www.sv-lengede.de\/svl\/wp-json\/wp\/v2\/types\/post"}],"author":[{"embeddable":true,"href":"https:\/\/www.sv-lengede.de\/svl\/wp-json\/wp\/v2\/users\/1"}],"replies":[{"embeddable":true,"href":"https:\/\/www.sv-lengede.de\/svl\/wp-json\/wp\/v2\/comments?post=1664"}],"version-history":[{"count":3,"href":"https:\/\/www.sv-lengede.de\/svl\/wp-json\/wp\/v2\/posts\/1664\/revisions"}],"predecessor-version":[{"id":1669,"href":"https:\/\/www.sv-lengede.de\/svl\/wp-json\/wp\/v2\/posts\/1664\/revisions\/1669"}],"wp:featuredmedia":[{"embeddable":true,"href":"https:\/\/www.sv-lengede.de\/svl\/wp-json\/wp\/v2\/media\/95"}],"wp:attachment":[{"href":"https:\/\/www.sv-lengede.de\/svl\/wp-json\/wp\/v2\/media?parent=1664"}],"wp:term":[{"taxonomy":"category","embeddable":true,"href":"https:\/\/www.sv-lengede.de\/svl\/wp-json\/wp\/v2\/categories?post=1664"},{"taxonomy":"post_tag","embeddable":true,"href":"https:\/\/www.sv-lengede.de\/svl\/wp-json\/wp\/v2\/tags?post=1664"}],"curies":[{"name":"wp","href":"https:\/\/api.w.org\/{rel}","templated":true}]}}