{"id":1648,"date":"2017-05-15T09:54:40","date_gmt":"2017-05-15T07:54:40","guid":{"rendered":"http:\/\/www.sv-lengede.de\/svl\/?p=1648"},"modified":"2017-05-15T14:13:56","modified_gmt":"2017-05-15T12:13:56","slug":"fussball-ue40-wird-10-bei-der-13-ue40-niedersachsenmeisterschaft","status":"publish","type":"post","link":"https:\/\/www.sv-lengede.de\/svl\/fussball-ue40-wird-10-bei-der-13-ue40-niedersachsenmeisterschaft\/","title":{"rendered":"Fussball: \u00dc40 wird 10. bei der 13. \u00dc40 Niedersachsenmeisterschaft"},"content":{"rendered":"<p>Bei der 13. \u00dc40 Niedersachsenmeisterschaft belegte die Mannschaft von Trainer Andreas Hahnsch den 10. Platz, 32 Mannschaften waren angetreten.<\/p>\n<p>Die Ergebnisse der Gruppenphase:<br \/>\nHannover 96 &#8211; SV Lengede 0:0<br \/>\nSV Lengede &#8211; SG Eicklingen-Wienhausen 2:0 (Tore: Thomas Bartnik, Michael Galler)<br \/>\nSV Lengede &#8211; TuS Niedernw\u00f6hren 3:0 (Tore: Thomas Bartnik, Norman Willatowski, J\u00f6rg Heyne)<\/p>\n<p>Achtelfinale:<br \/>\nSV Lengede &#8211; SC Gitter 1:3 nach Elfmeterschie\u00dfen (0:0)<\/p>\n<p>Turniersieger wurde Hannover 96<\/p>\n<p><a href=\"https:\/\/www.sv-lengede.de\/svl\/wp-content\/uploads\/2017\/05\/20170513.fussball.ue40.winsen.klein_.jpg\"><img fetchpriority=\"high\" decoding=\"async\" class=\"alignnone size-full wp-image-1650\" src=\"https:\/\/www.sv-lengede.de\/svl\/wp-content\/uploads\/2017\/05\/20170513.fussball.ue40.winsen.klein_.jpg\" alt=\"\" width=\"1641\" height=\"785\" srcset=\"https:\/\/www.sv-lengede.de\/svl\/wp-content\/uploads\/2017\/05\/20170513.fussball.ue40.winsen.klein_.jpg 1641w, https:\/\/www.sv-lengede.de\/svl\/wp-content\/uploads\/2017\/05\/20170513.fussball.ue40.winsen.klein_-300x144.jpg 300w, https:\/\/www.sv-lengede.de\/svl\/wp-content\/uploads\/2017\/05\/20170513.fussball.ue40.winsen.klein_-768x367.jpg 768w\" sizes=\"(max-width: 1641px) 100vw, 1641px\" \/><\/a>Mit dabei waren, oben von lins: Marco L\u00fcttgau, Ralf Bartnik, Michael Galler, J\u00f6rg Heyne, Trainer Andreas Hahnsch, Norman Willatowski, Timo Heimlich, Stefan Keil, Ulf Meyer, Axel Tillmann, Matthias Grunert, Maik Richter, Matthias Hahnsch<br \/>\nunten von Links: Maskottchen Leonard Heyne, Jan Sgubisch, Matthias Tietze, Thomas Bartnik, Mathias Millitschenko, Rainer Jenzora<\/p>\n<p>An dieser stelle noch einmal gute Besserung an alle Versehrten!!!<br \/>\n<a href=\"https:\/\/www.sv-lengede.de\/svl\/wp-content\/uploads\/2017\/05\/20170515.fussball.nfv_.pressespiegel.pdf\" target=\"_blank\" rel=\"noopener noreferrer\">Hier noch der Link<\/a> zum offiziellen Pressespiegeldes NFV.<br \/>\nF\u00fcr das Team: J\u00f6rg Heyne<\/p>\n","protected":false},"excerpt":{"rendered":"<p>Bei der 13. \u00dc40 Niedersachsenmeisterschaft belegte die Mannschaft von Trainer Andreas Hahnsch den 10. Platz, 32 Mannschaften waren angetreten. Die Ergebnisse der<\/p>\n<p class=\"link-more\"><a class=\"myButt \" href=\"https:\/\/www.sv-lengede.de\/svl\/fussball-ue40-wird-10-bei-der-13-ue40-niedersachsenmeisterschaft\/\">Read More<\/a><\/p>\n","protected":false},"author":1,"featured_media":97,"comment_status":"closed","ping_status":"closed","sticky":false,"template":"","format":"standard","meta":{"footnotes":""},"categories":[4,31],"tags":[],"class_list":["post-1648","post","type-post","status-publish","format-standard","has-post-thumbnail","hentry","category-fussball","category-ue40"],"rttpg_featured_image_url":{"full":["https:\/\/www.sv-lengede.de\/svl\/wp-content\/uploads\/2014\/12\/fussball-feature.png",64,74,false],"landscape":["https:\/\/www.sv-lengede.de\/svl\/wp-content\/uploads\/2014\/12\/fussball-feature.png",64,74,false],"portraits":["https:\/\/www.sv-lengede.de\/svl\/wp-content\/uploads\/2014\/12\/fussball-feature.png",64,74,false],"thumbnail":["https:\/\/www.sv-lengede.de\/svl\/wp-content\/uploads\/2014\/12\/fussball-feature.png",64,74,false],"medium":["https:\/\/www.sv-lengede.de\/svl\/wp-content\/uploads\/2014\/12\/fussball-feature.png",64,74,false],"large":["https:\/\/www.sv-lengede.de\/svl\/wp-content\/uploads\/2014\/12\/fussball-feature.png",64,74,false],"1536x1536":["https:\/\/www.sv-lengede.de\/svl\/wp-content\/uploads\/2014\/12\/fussball-feature.png",64,74,false],"2048x2048":["https:\/\/www.sv-lengede.de\/svl\/wp-content\/uploads\/2014\/12\/fussball-feature.png",64,74,false],"rt_custom":["https:\/\/www.sv-lengede.de\/svl\/wp-content\/uploads\/2014\/12\/fussball-feature.png",64,74,false]},"rttpg_author":{"display_name":"svladmin","author_link":"https:\/\/www.sv-lengede.de\/svl\/author\/svladmin\/"},"rttpg_comment":0,"rttpg_category":"<a href=\"https:\/\/www.sv-lengede.de\/svl\/category\/fussball\/\" rel=\"category tag\">Fu\u00dfball<\/a> <a href=\"https:\/\/www.sv-lengede.de\/svl\/category\/fussball\/ue40\/\" rel=\"category tag\">\u00dc40<\/a>","rttpg_excerpt":"Bei der 13. \u00dc40 Niedersachsenmeisterschaft belegte die Mannschaft von Trainer Andreas Hahnsch den 10. Platz, 32 Mannschaften waren angetreten. Die Ergebnisse derRead More","_links":{"self":[{"href":"https:\/\/www.sv-lengede.de\/svl\/wp-json\/wp\/v2\/posts\/1648","targetHints":{"allow":["GET"]}}],"collection":[{"href":"https:\/\/www.sv-lengede.de\/svl\/wp-json\/wp\/v2\/posts"}],"about":[{"href":"https:\/\/www.sv-lengede.de\/svl\/wp-json\/wp\/v2\/types\/post"}],"author":[{"embeddable":true,"href":"https:\/\/www.sv-lengede.de\/svl\/wp-json\/wp\/v2\/users\/1"}],"replies":[{"embeddable":true,"href":"https:\/\/www.sv-lengede.de\/svl\/wp-json\/wp\/v2\/comments?post=1648"}],"version-history":[{"count":8,"href":"https:\/\/www.sv-lengede.de\/svl\/wp-json\/wp\/v2\/posts\/1648\/revisions"}],"predecessor-version":[{"id":1658,"href":"https:\/\/www.sv-lengede.de\/svl\/wp-json\/wp\/v2\/posts\/1648\/revisions\/1658"}],"wp:featuredmedia":[{"embeddable":true,"href":"https:\/\/www.sv-lengede.de\/svl\/wp-json\/wp\/v2\/media\/97"}],"wp:attachment":[{"href":"https:\/\/www.sv-lengede.de\/svl\/wp-json\/wp\/v2\/media?parent=1648"}],"wp:term":[{"taxonomy":"category","embeddable":true,"href":"https:\/\/www.sv-lengede.de\/svl\/wp-json\/wp\/v2\/categories?post=1648"},{"taxonomy":"post_tag","embeddable":true,"href":"https:\/\/www.sv-lengede.de\/svl\/wp-json\/wp\/v2\/tags?post=1648"}],"curies":[{"name":"wp","href":"https:\/\/api.w.org\/{rel}","templated":true}]}}