{"id":161,"date":"2002-04-26T14:12:13","date_gmt":"2002-04-26T13:12:13","guid":{"rendered":"http:\/\/www.sv-lengede.de\/svl\/?p=161"},"modified":"2014-12-08T14:14:27","modified_gmt":"2014-12-08T13:14:27","slug":"ein-gruppenfoto-und-die-drei-woechentlichen-termine","status":"publish","type":"post","link":"https:\/\/www.sv-lengede.de\/svl\/ein-gruppenfoto-und-die-drei-woechentlichen-termine\/","title":{"rendered":"Ein Gruppenfoto und die drei w\u00f6chentlichen Termine"},"content":{"rendered":"<h5 align=\"center\">Wir bringen Sie in Gang!<br \/>\nIn dieser Gruppe werden Sie sich nicht verrennen \u2013 aber verlieben \u2026 in Ihre Fitness! Seit 2001 sind die Walker auf den Beinen.<br \/>\n<a href=\"https:\/\/www.sv-lengede.de\/svl\/wp-content\/uploads\/2014\/12\/2002-04-26_praeventivsport_walking_gruppenfoto_2.jpg\"><img fetchpriority=\"high\" decoding=\"async\" class=\"alignnone wp-image-162 size-full\" src=\"https:\/\/www.sv-lengede.de\/svl\/wp-content\/uploads\/2014\/12\/2002-04-26_praeventivsport_walking_gruppenfoto_2.jpg\" alt=\"2002-04-26_praeventivsport_walking_gruppenfoto_2\" width=\"670\" height=\"338\" srcset=\"https:\/\/www.sv-lengede.de\/svl\/wp-content\/uploads\/2014\/12\/2002-04-26_praeventivsport_walking_gruppenfoto_2.jpg 670w, https:\/\/www.sv-lengede.de\/svl\/wp-content\/uploads\/2014\/12\/2002-04-26_praeventivsport_walking_gruppenfoto_2-300x151.jpg 300w, https:\/\/www.sv-lengede.de\/svl\/wp-content\/uploads\/2014\/12\/2002-04-26_praeventivsport_walking_gruppenfoto_2-560x282.jpg 560w, https:\/\/www.sv-lengede.de\/svl\/wp-content\/uploads\/2014\/12\/2002-04-26_praeventivsport_walking_gruppenfoto_2-260x131.jpg 260w, https:\/\/www.sv-lengede.de\/svl\/wp-content\/uploads\/2014\/12\/2002-04-26_praeventivsport_walking_gruppenfoto_2-160x80.jpg 160w\" sizes=\"(max-width: 670px) 100vw, 670px\" \/><\/a><\/h5>\n<h5 align=\"center\">svle der drei Walking-Gruppen im April 2002<br \/>\nStehend von links: Charlotte Springer, Kirsten Reder, Nadine Bollmann, Anja Bahr, Gunda Schmieger, Roswitha Reiter, Conny Strube,<br \/>\nHorst Jeschor, Birgit Jeschor, Heinz Strube, Jens Hessing, Sabine Hessing, Manfred Schmitt, Wolfgang Schmidt, Brigitte Schmidt.<br \/>\nKniend: M. Janz, Rita Sche, Ina Warmbold, \u00dcbungsleiterin Ulrike Voigts, \u00dcbungsleiterin Monika B\u00f6senberg, Gudrun Eichriedler, Christa G\u00fcth.<\/h5>\n<h5>Insgesamt sind in drei Walking-Gruppen ca. 50 Teilnehmer svl, sie treffen sich jeweils am Sportheim:<\/h5>\n<ul>\n<li>\n<h5>Montags, 17.45 Uhr (Schnelle Gruppe)<\/h5>\n<\/li>\n<li>\n<h5>Dienstags, 17.45 Uhr\u00a0 (Anf\u00e4nger)<\/h5>\n<\/li>\n<li>\n<h5>Donnerstags, 17.45 Uhr (Fortgeschrittene)<\/h5>\n<\/li>\n<\/ul>\n","protected":false},"excerpt":{"rendered":"<p>Wir bringen Sie in Gang! In dieser Gruppe werden Sie sich nicht verrennen \u2013 aber verlieben \u2026 in Ihre Fitness! Seit 2001<\/p>\n<p class=\"link-more\"><a class=\"myButt \" href=\"https:\/\/www.sv-lengede.de\/svl\/ein-gruppenfoto-und-die-drei-woechentlichen-termine\/\">Read More<\/a><\/p>\n","protected":false},"author":1,"featured_media":107,"comment_status":"closed","ping_status":"closed","sticky":false,"template":"","format":"standard","meta":{"footnotes":""},"categories":[23],"tags":[],"class_list":["post-161","post","type-post","status-publish","format-standard","has-post-thumbnail","hentry","category-walking"],"rttpg_featured_image_url":{"full":["https:\/\/www.sv-lengede.de\/svl\/wp-content\/uploads\/2014\/12\/walking.png",64,64,false],"landscape":["https:\/\/www.sv-lengede.de\/svl\/wp-content\/uploads\/2014\/12\/walking.png",64,64,false],"portraits":["https:\/\/www.sv-lengede.de\/svl\/wp-content\/uploads\/2014\/12\/walking.png",64,64,false],"thumbnail":["https:\/\/www.sv-lengede.de\/svl\/wp-content\/uploads\/2014\/12\/walking.png",64,64,false],"medium":["https:\/\/www.sv-lengede.de\/svl\/wp-content\/uploads\/2014\/12\/walking.png",64,64,false],"large":["https:\/\/www.sv-lengede.de\/svl\/wp-content\/uploads\/2014\/12\/walking.png",64,64,false],"1536x1536":["https:\/\/www.sv-lengede.de\/svl\/wp-content\/uploads\/2014\/12\/walking.png",64,64,false],"2048x2048":["https:\/\/www.sv-lengede.de\/svl\/wp-content\/uploads\/2014\/12\/walking.png",64,64,false],"rt_custom":["https:\/\/www.sv-lengede.de\/svl\/wp-content\/uploads\/2014\/12\/walking.png",64,64,false]},"rttpg_author":{"display_name":"svladmin","author_link":"https:\/\/www.sv-lengede.de\/svl\/author\/svladmin\/"},"rttpg_comment":0,"rttpg_category":"<a href=\"https:\/\/www.sv-lengede.de\/svl\/category\/walking\/\" rel=\"category tag\">Walking<\/a>","rttpg_excerpt":"Wir bringen Sie in Gang! In dieser Gruppe werden Sie sich nicht verrennen \u2013 aber verlieben \u2026 in Ihre Fitness! Seit 2001Read More","_links":{"self":[{"href":"https:\/\/www.sv-lengede.de\/svl\/wp-json\/wp\/v2\/posts\/161","targetHints":{"allow":["GET"]}}],"collection":[{"href":"https:\/\/www.sv-lengede.de\/svl\/wp-json\/wp\/v2\/posts"}],"about":[{"href":"https:\/\/www.sv-lengede.de\/svl\/wp-json\/wp\/v2\/types\/post"}],"author":[{"embeddable":true,"href":"https:\/\/www.sv-lengede.de\/svl\/wp-json\/wp\/v2\/users\/1"}],"replies":[{"embeddable":true,"href":"https:\/\/www.sv-lengede.de\/svl\/wp-json\/wp\/v2\/comments?post=161"}],"version-history":[{"count":1,"href":"https:\/\/www.sv-lengede.de\/svl\/wp-json\/wp\/v2\/posts\/161\/revisions"}],"predecessor-version":[{"id":163,"href":"https:\/\/www.sv-lengede.de\/svl\/wp-json\/wp\/v2\/posts\/161\/revisions\/163"}],"wp:featuredmedia":[{"embeddable":true,"href":"https:\/\/www.sv-lengede.de\/svl\/wp-json\/wp\/v2\/media\/107"}],"wp:attachment":[{"href":"https:\/\/www.sv-lengede.de\/svl\/wp-json\/wp\/v2\/media?parent=161"}],"wp:term":[{"taxonomy":"category","embeddable":true,"href":"https:\/\/www.sv-lengede.de\/svl\/wp-json\/wp\/v2\/categories?post=161"},{"taxonomy":"post_tag","embeddable":true,"href":"https:\/\/www.sv-lengede.de\/svl\/wp-json\/wp\/v2\/tags?post=161"}],"curies":[{"name":"wp","href":"https:\/\/api.w.org\/{rel}","templated":true}]}}