{"id":1451,"date":"2016-11-28T10:18:22","date_gmt":"2016-11-28T09:18:22","guid":{"rendered":"http:\/\/www.sv-lengede.de\/svl\/?p=1451"},"modified":"2016-11-28T10:21:39","modified_gmt":"2016-11-28T09:21:39","slug":"fussball-landesliga-sv-lengede-sc-gitter-der-spielbericht","status":"publish","type":"post","link":"https:\/\/www.sv-lengede.de\/svl\/fussball-landesliga-sv-lengede-sc-gitter-der-spielbericht\/","title":{"rendered":"Fu\u00dfball Landesliga, SV Lengede &#8211; SC Gitter: Der Spielbericht"},"content":{"rendered":"<p>Gestern Geburtstag &#8211; heute Kopfballtor &#8211; Gl\u00fcckwunsch Christian Lemke<\/p>\n<p>SV Lengede &#8211; SC Gitter 4:2 (2:1)<\/p>\n<p>9 gelbe Karten und eine rot\/gelbe sind Ausdruck genug, das beide Teams in diesem Spiel den Sieg wollten und alle Akteuere k\u00e4mpften, gr\u00e4tschten und quatschten. Keine einfache Aufgabe f\u00fcr den erfahrenen SR Florian Cacalowski.<span class=\"text_exposed_show\"><br \/>\nNach einem Kopfballtor durch Christian Lemke ( er war das letzte mal mit dem Kopf vor 4 Jahren erfolgreich) ging unser Team in der 14.Spielminute in F\u00fchrung. Normann P\u00fctsch brachte uns in der 20.min zwar mit 2:0 in F\u00fchrung, aber es kehrte keine Ruhe in unser Spiel. Gitter machte Druck &#8211; nur unser TW Sascha Scheer behielt die Ruhe und \u00dcbersicht. Beim Strafsto\u00dftor durch Dogan Karaaslan war auch er machtlos. (29.min)<\/span><\/p>\n<div class=\"text_exposed_show\">\n<p>Riesenjubel beim SVL, als Normann P\u00fctsch in der 57.min per Kopf das 3:1 erzielte, doch Gitter antwortete schnell mit dem 3:2 Anschlusstreffer durch Dogan Karaaslan in der 65.min<\/p>\n<p>Nach dem Lukas M\u00fcller in der 75. die gelbe Karte und bereits 2 Minuten sp\u00e4ter die Ampelkarte sah, wackelte unsere F\u00fchrung in Unterzahl. DOCH dann endlich die Erl\u00f6sung in der 87. Spielminute <span class=\"_47e3 _5mfr\" title=\"\u201ewink\u201c-Emoticon\"><img decoding=\"async\" class=\"img\" src=\"https:\/\/www.facebook.com\/images\/emoji.php\/v6\/f57\/1\/16\/1f609.png\" alt=\"\" width=\"16\" height=\"16\" \/><span class=\"_7oe\">\ud83d\ude09<\/span><\/span> Christian Lemke schickt Felix Seeler mit einem langen Ball auf die Reise und Felix nutzt seine Schnelligkeit und erzielt ein traumhaftes Tor zum 4:2 Endstand.<\/p>\n<p>Das n\u00e4chste Spiel:<\/p>\n<p><a href=\"https:\/\/www.sv-lengede.de\/svl\/wp-content\/uploads\/2016\/11\/20161128.fussball.1herren.heim_.bsc_.ank_.jpg\"><img fetchpriority=\"high\" decoding=\"async\" class=\"alignnone size-full wp-image-1455\" src=\"https:\/\/www.sv-lengede.de\/svl\/wp-content\/uploads\/2016\/11\/20161128.fussball.1herren.heim_.bsc_.ank_.jpg\" alt=\"20161128-fussball-1herren-heim-bsc-ank\" width=\"1289\" height=\"449\" srcset=\"https:\/\/www.sv-lengede.de\/svl\/wp-content\/uploads\/2016\/11\/20161128.fussball.1herren.heim_.bsc_.ank_.jpg 1289w, https:\/\/www.sv-lengede.de\/svl\/wp-content\/uploads\/2016\/11\/20161128.fussball.1herren.heim_.bsc_.ank_-300x104.jpg 300w, https:\/\/www.sv-lengede.de\/svl\/wp-content\/uploads\/2016\/11\/20161128.fussball.1herren.heim_.bsc_.ank_-768x268.jpg 768w\" sizes=\"(max-width: 1289px) 100vw, 1289px\" \/><\/a><\/p>\n<\/div>\n","protected":false},"excerpt":{"rendered":"<p>Gestern Geburtstag &#8211; heute Kopfballtor &#8211; Gl\u00fcckwunsch Christian Lemke SV Lengede &#8211; SC Gitter 4:2 (2:1) 9 gelbe Karten und eine rot\/gelbe<\/p>\n<p class=\"link-more\"><a class=\"myButt \" href=\"https:\/\/www.sv-lengede.de\/svl\/fussball-landesliga-sv-lengede-sc-gitter-der-spielbericht\/\">Read More<\/a><\/p>\n","protected":false},"author":1,"featured_media":1452,"comment_status":"closed","ping_status":"closed","sticky":false,"template":"","format":"standard","meta":{"footnotes":""},"categories":[32,4],"tags":[],"class_list":["post-1451","post","type-post","status-publish","format-standard","has-post-thumbnail","hentry","category-1herren","category-fussball"],"rttpg_featured_image_url":{"full":["https:\/\/www.sv-lengede.de\/svl\/wp-content\/uploads\/2016\/11\/20161126.fussball.1herren.heim_.gitter.jpg",468,240,false],"landscape":["https:\/\/www.sv-lengede.de\/svl\/wp-content\/uploads\/2016\/11\/20161126.fussball.1herren.heim_.gitter.jpg",468,240,false],"portraits":["https:\/\/www.sv-lengede.de\/svl\/wp-content\/uploads\/2016\/11\/20161126.fussball.1herren.heim_.gitter.jpg",468,240,false],"thumbnail":["https:\/\/www.sv-lengede.de\/svl\/wp-content\/uploads\/2016\/11\/20161126.fussball.1herren.heim_.gitter-150x150.jpg",150,150,true],"medium":["https:\/\/www.sv-lengede.de\/svl\/wp-content\/uploads\/2016\/11\/20161126.fussball.1herren.heim_.gitter-300x154.jpg",300,154,true],"large":["https:\/\/www.sv-lengede.de\/svl\/wp-content\/uploads\/2016\/11\/20161126.fussball.1herren.heim_.gitter.jpg",468,240,false],"1536x1536":["https:\/\/www.sv-lengede.de\/svl\/wp-content\/uploads\/2016\/11\/20161126.fussball.1herren.heim_.gitter.jpg",468,240,false],"2048x2048":["https:\/\/www.sv-lengede.de\/svl\/wp-content\/uploads\/2016\/11\/20161126.fussball.1herren.heim_.gitter.jpg",468,240,false],"rt_custom":["https:\/\/www.sv-lengede.de\/svl\/wp-content\/uploads\/2016\/11\/20161126.fussball.1herren.heim_.gitter.jpg",468,240,false]},"rttpg_author":{"display_name":"svladmin","author_link":"https:\/\/www.sv-lengede.de\/svl\/author\/svladmin\/"},"rttpg_comment":0,"rttpg_category":"<a href=\"https:\/\/www.sv-lengede.de\/svl\/category\/fussball\/1herren\/\" rel=\"category tag\">1. Herren<\/a> <a href=\"https:\/\/www.sv-lengede.de\/svl\/category\/fussball\/\" rel=\"category tag\">Fu\u00dfball<\/a>","rttpg_excerpt":"Gestern Geburtstag &#8211; heute Kopfballtor &#8211; Gl\u00fcckwunsch Christian Lemke SV Lengede &#8211; SC Gitter 4:2 (2:1) 9 gelbe Karten und eine rot\/gelbeRead More","_links":{"self":[{"href":"https:\/\/www.sv-lengede.de\/svl\/wp-json\/wp\/v2\/posts\/1451","targetHints":{"allow":["GET"]}}],"collection":[{"href":"https:\/\/www.sv-lengede.de\/svl\/wp-json\/wp\/v2\/posts"}],"about":[{"href":"https:\/\/www.sv-lengede.de\/svl\/wp-json\/wp\/v2\/types\/post"}],"author":[{"embeddable":true,"href":"https:\/\/www.sv-lengede.de\/svl\/wp-json\/wp\/v2\/users\/1"}],"replies":[{"embeddable":true,"href":"https:\/\/www.sv-lengede.de\/svl\/wp-json\/wp\/v2\/comments?post=1451"}],"version-history":[{"count":3,"href":"https:\/\/www.sv-lengede.de\/svl\/wp-json\/wp\/v2\/posts\/1451\/revisions"}],"predecessor-version":[{"id":1456,"href":"https:\/\/www.sv-lengede.de\/svl\/wp-json\/wp\/v2\/posts\/1451\/revisions\/1456"}],"wp:featuredmedia":[{"embeddable":true,"href":"https:\/\/www.sv-lengede.de\/svl\/wp-json\/wp\/v2\/media\/1452"}],"wp:attachment":[{"href":"https:\/\/www.sv-lengede.de\/svl\/wp-json\/wp\/v2\/media?parent=1451"}],"wp:term":[{"taxonomy":"category","embeddable":true,"href":"https:\/\/www.sv-lengede.de\/svl\/wp-json\/wp\/v2\/categories?post=1451"},{"taxonomy":"post_tag","embeddable":true,"href":"https:\/\/www.sv-lengede.de\/svl\/wp-json\/wp\/v2\/tags?post=1451"}],"curies":[{"name":"wp","href":"https:\/\/api.w.org\/{rel}","templated":true}]}}