{"id":1193,"date":"2016-02-01T10:34:47","date_gmt":"2016-02-01T09:34:47","guid":{"rendered":"http:\/\/www.sv-lengede.de\/svl\/?p=1193"},"modified":"2016-02-08T13:22:34","modified_gmt":"2016-02-08T12:22:34","slug":"die-sg-lengedewoltwiesche-siegt-beim-hallenturnier-in-thiede","status":"publish","type":"post","link":"https:\/\/www.sv-lengede.de\/svl\/die-sg-lengedewoltwiesche-siegt-beim-hallenturnier-in-thiede\/","title":{"rendered":"Die SG Lengede\/Woltwiesche siegt beim Hallenturnier in Thiede"},"content":{"rendered":"<p><strong>Die SG Lengede\/Woltwiesche holt zum 2x den KTF Cup<br \/>\n<a href=\"https:\/\/www.sv-lengede.de\/svl\/wp-content\/uploads\/2016\/02\/siegerteam.jssg_.lengede.woltwiesche.jpg\" rel=\"attachment wp-att-1194\"><img fetchpriority=\"high\" decoding=\"async\" class=\"alignnone size-full wp-image-1194\" src=\"https:\/\/www.sv-lengede.de\/svl\/wp-content\/uploads\/2016\/02\/siegerteam.jssg_.lengede.woltwiesche.jpg\" alt=\"siegerteam.jssg.lengede.woltwiesche\" width=\"960\" height=\"720\" srcset=\"https:\/\/www.sv-lengede.de\/svl\/wp-content\/uploads\/2016\/02\/siegerteam.jssg_.lengede.woltwiesche.jpg 960w, https:\/\/www.sv-lengede.de\/svl\/wp-content\/uploads\/2016\/02\/siegerteam.jssg_.lengede.woltwiesche-300x225.jpg 300w, https:\/\/www.sv-lengede.de\/svl\/wp-content\/uploads\/2016\/02\/siegerteam.jssg_.lengede.woltwiesche-768x576.jpg 768w, https:\/\/www.sv-lengede.de\/svl\/wp-content\/uploads\/2016\/02\/siegerteam.jssg_.lengede.woltwiesche-600x450.jpg 600w, https:\/\/www.sv-lengede.de\/svl\/wp-content\/uploads\/2016\/02\/siegerteam.jssg_.lengede.woltwiesche-560x420.jpg 560w, https:\/\/www.sv-lengede.de\/svl\/wp-content\/uploads\/2016\/02\/siegerteam.jssg_.lengede.woltwiesche-260x195.jpg 260w, https:\/\/www.sv-lengede.de\/svl\/wp-content\/uploads\/2016\/02\/siegerteam.jssg_.lengede.woltwiesche-160x120.jpg 160w\" sizes=\"(max-width: 960px) 100vw, 960px\" \/><\/a><br \/>\noben von links: Dennis Tracz, Michel Werner, Sascha Scheer, Andreas Hahnsch, Sven Knappe<br \/>\nunten von links: Akif Er\u00f6z, Jens M\u00f6hle, Oliver Hilger, J\u00f6rg Heyne, Marco Criscione<br \/>\n<\/strong><\/p>\n<p>Die zahlreichen Zuschauer in der zeitweise komplett gef\u00fcllten Halle der HS-Thiede sahen feinsten Hallenfu\u00dfball.<\/p>\n<p>Viele ehemalige Regional- und Oberliga Spieler standen auf dem Paket.<\/p>\n<p>Zudem war es ein \u00e4u\u00dferst faires Miteinander. Es gab lediglich eine 2 Minuten Strafe bei 21 Spielen!<\/p>\n<p>Die am Abend stattfindende Players-Night im Vereinsheim ging bis in die fr\u00fchen Morgenstunden.<\/p>\n<p>Zum besten Spieler des Turniers wurde von den Trainern Torwart Marcel Duwe vom FC Viktoria Thiede 98\/17 gew\u00e4hlt.<\/p>\n<p>Im Finale siegte die SG Lengede\/Woltwiesche in einem dramatischen Endspiel gegen Vorjahressieger SV Gartenstadt mit 6:5 nach Neunmeterschie\u00dfen. Nach 10 Minuten stand es 1:1.<\/p>\n<p>Beide Teams gewannen zuvor Ihre Halbfinals souver\u00e4n. Dabei setzte sich Gartenstadt gegen SV Melverode\/Heidberg mit 3:0 und die SG Lengede\/Woltwiesche gegen Gastgeber FC Viktoria Thiede mit 5:0 durch.<\/p>\n<p><strong>F\u00fcr die SG Lengede\/Woltwiesche spielten: Scheer, Criscione, Tracz, M\u00f6hle, Er\u00f6z, Werner, Heyne, Hahnsch, Knappe, Hilger.<\/strong><\/p>\n<p><strong>F\u00fcr den SV Gartenstadt spielten: Minklei, Jakob, Respondik, Kraune, Burgdorf, Engler, Rahimi, Friedrichs, Neumann.<\/strong><\/p>\n<p><a href=\"https:\/\/www.sv-lengede.de\/svl\/wp-content\/uploads\/2016\/02\/spielplan.endrunde.jpg\" rel=\"attachment wp-att-1195\"><img decoding=\"async\" class=\"alignnone size-full wp-image-1195\" src=\"https:\/\/www.sv-lengede.de\/svl\/wp-content\/uploads\/2016\/02\/spielplan.endrunde.jpg\" alt=\"spielplan.endrunde\" width=\"541\" height=\"416\" srcset=\"https:\/\/www.sv-lengede.de\/svl\/wp-content\/uploads\/2016\/02\/spielplan.endrunde.jpg 541w, https:\/\/www.sv-lengede.de\/svl\/wp-content\/uploads\/2016\/02\/spielplan.endrunde-300x231.jpg 300w, https:\/\/www.sv-lengede.de\/svl\/wp-content\/uploads\/2016\/02\/spielplan.endrunde-260x200.jpg 260w, https:\/\/www.sv-lengede.de\/svl\/wp-content\/uploads\/2016\/02\/spielplan.endrunde-160x123.jpg 160w\" sizes=\"(max-width: 541px) 100vw, 541px\" \/><\/a> <a href=\"https:\/\/www.sv-lengede.de\/svl\/wp-content\/uploads\/2016\/02\/spielplan.vorrunde.jpg\" rel=\"attachment wp-att-1196\"><img decoding=\"async\" class=\"alignnone size-full wp-image-1196\" src=\"https:\/\/www.sv-lengede.de\/svl\/wp-content\/uploads\/2016\/02\/spielplan.vorrunde.jpg\" alt=\"spielplan.vorrunde\" width=\"514\" height=\"472\" srcset=\"https:\/\/www.sv-lengede.de\/svl\/wp-content\/uploads\/2016\/02\/spielplan.vorrunde.jpg 514w, https:\/\/www.sv-lengede.de\/svl\/wp-content\/uploads\/2016\/02\/spielplan.vorrunde-300x275.jpg 300w, https:\/\/www.sv-lengede.de\/svl\/wp-content\/uploads\/2016\/02\/spielplan.vorrunde-260x239.jpg 260w, https:\/\/www.sv-lengede.de\/svl\/wp-content\/uploads\/2016\/02\/spielplan.vorrunde-160x147.jpg 160w\" sizes=\"(max-width: 514px) 100vw, 514px\" \/><br \/>\nLinks die Endrunde, rechts die Ergebnisse der Vorrunde<br \/>\n<\/a><\/p>\n<p><a href=\"https:\/\/www.sv-lengede.de\/svl\/wp-content\/uploads\/2016\/02\/20160216.fussball.jssg_.thiede.sieg_.bz_.jpg\" rel=\"attachment wp-att-1217\"><img loading=\"lazy\" decoding=\"async\" class=\"alignnone size-full wp-image-1217\" src=\"https:\/\/www.sv-lengede.de\/svl\/wp-content\/uploads\/2016\/02\/20160216.fussball.jssg_.thiede.sieg_.bz_.jpg\" alt=\"20160216.fussball.jssg.thiede.sieg.bz\" width=\"581\" height=\"725\" srcset=\"https:\/\/www.sv-lengede.de\/svl\/wp-content\/uploads\/2016\/02\/20160216.fussball.jssg_.thiede.sieg_.bz_.jpg 581w, https:\/\/www.sv-lengede.de\/svl\/wp-content\/uploads\/2016\/02\/20160216.fussball.jssg_.thiede.sieg_.bz_-240x300.jpg 240w, https:\/\/www.sv-lengede.de\/svl\/wp-content\/uploads\/2016\/02\/20160216.fussball.jssg_.thiede.sieg_.bz_-560x699.jpg 560w, https:\/\/www.sv-lengede.de\/svl\/wp-content\/uploads\/2016\/02\/20160216.fussball.jssg_.thiede.sieg_.bz_-260x324.jpg 260w, https:\/\/www.sv-lengede.de\/svl\/wp-content\/uploads\/2016\/02\/20160216.fussball.jssg_.thiede.sieg_.bz_-160x200.jpg 160w\" sizes=\"(max-width: 581px) 100vw, 581px\" \/><\/a><\/p>\n","protected":false},"excerpt":{"rendered":"<p>Die SG Lengede\/Woltwiesche holt zum 2x den KTF Cup oben von links: Dennis Tracz, Michel Werner, Sascha Scheer, Andreas Hahnsch, Sven Knappe<\/p>\n<p class=\"link-more\"><a class=\"myButt \" href=\"https:\/\/www.sv-lengede.de\/svl\/die-sg-lengedewoltwiesche-siegt-beim-hallenturnier-in-thiede\/\">Read More<\/a><\/p>\n","protected":false},"author":1,"featured_media":97,"comment_status":"closed","ping_status":"closed","sticky":false,"template":"","format":"standard","meta":{"footnotes":""},"categories":[4,29],"tags":[],"class_list":["post-1193","post","type-post","status-publish","format-standard","has-post-thumbnail","hentry","category-fussball","category-ue32"],"rttpg_featured_image_url":{"full":["https:\/\/www.sv-lengede.de\/svl\/wp-content\/uploads\/2014\/12\/fussball-feature.png",64,74,false],"landscape":["https:\/\/www.sv-lengede.de\/svl\/wp-content\/uploads\/2014\/12\/fussball-feature.png",64,74,false],"portraits":["https:\/\/www.sv-lengede.de\/svl\/wp-content\/uploads\/2014\/12\/fussball-feature.png",64,74,false],"thumbnail":["https:\/\/www.sv-lengede.de\/svl\/wp-content\/uploads\/2014\/12\/fussball-feature.png",64,74,false],"medium":["https:\/\/www.sv-lengede.de\/svl\/wp-content\/uploads\/2014\/12\/fussball-feature.png",64,74,false],"large":["https:\/\/www.sv-lengede.de\/svl\/wp-content\/uploads\/2014\/12\/fussball-feature.png",64,74,false],"1536x1536":["https:\/\/www.sv-lengede.de\/svl\/wp-content\/uploads\/2014\/12\/fussball-feature.png",64,74,false],"2048x2048":["https:\/\/www.sv-lengede.de\/svl\/wp-content\/uploads\/2014\/12\/fussball-feature.png",64,74,false],"rt_custom":["https:\/\/www.sv-lengede.de\/svl\/wp-content\/uploads\/2014\/12\/fussball-feature.png",64,74,false]},"rttpg_author":{"display_name":"svladmin","author_link":"https:\/\/www.sv-lengede.de\/svl\/author\/svladmin\/"},"rttpg_comment":0,"rttpg_category":"<a href=\"https:\/\/www.sv-lengede.de\/svl\/category\/fussball\/\" rel=\"category tag\">Fu\u00dfball<\/a> <a href=\"https:\/\/www.sv-lengede.de\/svl\/category\/fussball\/ue32\/\" rel=\"category tag\">\u00dc32<\/a>","rttpg_excerpt":"Die SG Lengede\/Woltwiesche holt zum 2x den KTF Cup oben von links: Dennis Tracz, Michel Werner, Sascha Scheer, Andreas Hahnsch, Sven KnappeRead More","_links":{"self":[{"href":"https:\/\/www.sv-lengede.de\/svl\/wp-json\/wp\/v2\/posts\/1193","targetHints":{"allow":["GET"]}}],"collection":[{"href":"https:\/\/www.sv-lengede.de\/svl\/wp-json\/wp\/v2\/posts"}],"about":[{"href":"https:\/\/www.sv-lengede.de\/svl\/wp-json\/wp\/v2\/types\/post"}],"author":[{"embeddable":true,"href":"https:\/\/www.sv-lengede.de\/svl\/wp-json\/wp\/v2\/users\/1"}],"replies":[{"embeddable":true,"href":"https:\/\/www.sv-lengede.de\/svl\/wp-json\/wp\/v2\/comments?post=1193"}],"version-history":[{"count":2,"href":"https:\/\/www.sv-lengede.de\/svl\/wp-json\/wp\/v2\/posts\/1193\/revisions"}],"predecessor-version":[{"id":1218,"href":"https:\/\/www.sv-lengede.de\/svl\/wp-json\/wp\/v2\/posts\/1193\/revisions\/1218"}],"wp:featuredmedia":[{"embeddable":true,"href":"https:\/\/www.sv-lengede.de\/svl\/wp-json\/wp\/v2\/media\/97"}],"wp:attachment":[{"href":"https:\/\/www.sv-lengede.de\/svl\/wp-json\/wp\/v2\/media?parent=1193"}],"wp:term":[{"taxonomy":"category","embeddable":true,"href":"https:\/\/www.sv-lengede.de\/svl\/wp-json\/wp\/v2\/categories?post=1193"},{"taxonomy":"post_tag","embeddable":true,"href":"https:\/\/www.sv-lengede.de\/svl\/wp-json\/wp\/v2\/tags?post=1193"}],"curies":[{"name":"wp","href":"https:\/\/api.w.org\/{rel}","templated":true}]}}