{"id":112,"date":"2014-12-01T16:40:35","date_gmt":"2014-12-01T15:40:35","guid":{"rendered":"http:\/\/www.sv-lengede.de\/svl\/?p=112"},"modified":"2014-12-08T10:47:23","modified_gmt":"2014-12-08T09:47:23","slug":"auslosung-der-gruppenphase-der-ue40-und-ue32-endrunden","status":"publish","type":"post","link":"https:\/\/www.sv-lengede.de\/svl\/auslosung-der-gruppenphase-der-ue40-und-ue32-endrunden\/","title":{"rendered":"Auslosung der Gruppenphase der \u00dc40 und \u00dc32 Endrunden"},"content":{"rendered":"<p><a href=\"http:\/\/sv-lengede.de\/ckfinder\/userfiles\/files\/2014_11_24_2015_fussball_nfv_auslosung_endrunde_ue40_ue32.pdf\" target=\"_blank\">Auslosung \u00dc32 und \u00dc40 Endrunden<\/a> \u00a0f\u00fcr den 2. Mail 2015 (\u00dc32) und den 9. Mai 2015 (\u00dc40)<\/p>\n<p>&nbsp;<\/p>\n","protected":false},"excerpt":{"rendered":"<p>Auslosung \u00dc32 und \u00dc40 Endrunden \u00a0f\u00fcr den 2. Mail 2015 (\u00dc32) und den 9. Mai 2015 (\u00dc40) &nbsp;<\/p>\n","protected":false},"author":1,"featured_media":97,"comment_status":"closed","ping_status":"closed","sticky":false,"template":"","format":"standard","meta":{"footnotes":""},"categories":[4,29,31],"tags":[],"class_list":["post-112","post","type-post","status-publish","format-standard","has-post-thumbnail","hentry","category-fussball","category-ue32","category-ue40"],"rttpg_featured_image_url":{"full":["https:\/\/www.sv-lengede.de\/svl\/wp-content\/uploads\/2014\/12\/fussball-feature.png",64,74,false],"landscape":["https:\/\/www.sv-lengede.de\/svl\/wp-content\/uploads\/2014\/12\/fussball-feature.png",64,74,false],"portraits":["https:\/\/www.sv-lengede.de\/svl\/wp-content\/uploads\/2014\/12\/fussball-feature.png",64,74,false],"thumbnail":["https:\/\/www.sv-lengede.de\/svl\/wp-content\/uploads\/2014\/12\/fussball-feature.png",64,74,false],"medium":["https:\/\/www.sv-lengede.de\/svl\/wp-content\/uploads\/2014\/12\/fussball-feature.png",64,74,false],"large":["https:\/\/www.sv-lengede.de\/svl\/wp-content\/uploads\/2014\/12\/fussball-feature.png",64,74,false],"1536x1536":["https:\/\/www.sv-lengede.de\/svl\/wp-content\/uploads\/2014\/12\/fussball-feature.png",64,74,false],"2048x2048":["https:\/\/www.sv-lengede.de\/svl\/wp-content\/uploads\/2014\/12\/fussball-feature.png",64,74,false],"rt_custom":["https:\/\/www.sv-lengede.de\/svl\/wp-content\/uploads\/2014\/12\/fussball-feature.png",64,74,false]},"rttpg_author":{"display_name":"svladmin","author_link":"https:\/\/www.sv-lengede.de\/svl\/author\/svladmin\/"},"rttpg_comment":0,"rttpg_category":"<a href=\"https:\/\/www.sv-lengede.de\/svl\/category\/fussball\/\" rel=\"category tag\">Fu\u00dfball<\/a> <a href=\"https:\/\/www.sv-lengede.de\/svl\/category\/fussball\/ue32\/\" rel=\"category tag\">\u00dc32<\/a> <a href=\"https:\/\/www.sv-lengede.de\/svl\/category\/fussball\/ue40\/\" rel=\"category tag\">\u00dc40<\/a>","rttpg_excerpt":"Auslosung \u00dc32 und \u00dc40 Endrunden \u00a0f\u00fcr den 2. Mail 2015 (\u00dc32) und den 9. Mai 2015 (\u00dc40) &nbsp;","_links":{"self":[{"href":"https:\/\/www.sv-lengede.de\/svl\/wp-json\/wp\/v2\/posts\/112","targetHints":{"allow":["GET"]}}],"collection":[{"href":"https:\/\/www.sv-lengede.de\/svl\/wp-json\/wp\/v2\/posts"}],"about":[{"href":"https:\/\/www.sv-lengede.de\/svl\/wp-json\/wp\/v2\/types\/post"}],"author":[{"embeddable":true,"href":"https:\/\/www.sv-lengede.de\/svl\/wp-json\/wp\/v2\/users\/1"}],"replies":[{"embeddable":true,"href":"https:\/\/www.sv-lengede.de\/svl\/wp-json\/wp\/v2\/comments?post=112"}],"version-history":[{"count":2,"href":"https:\/\/www.sv-lengede.de\/svl\/wp-json\/wp\/v2\/posts\/112\/revisions"}],"predecessor-version":[{"id":147,"href":"https:\/\/www.sv-lengede.de\/svl\/wp-json\/wp\/v2\/posts\/112\/revisions\/147"}],"wp:featuredmedia":[{"embeddable":true,"href":"https:\/\/www.sv-lengede.de\/svl\/wp-json\/wp\/v2\/media\/97"}],"wp:attachment":[{"href":"https:\/\/www.sv-lengede.de\/svl\/wp-json\/wp\/v2\/media?parent=112"}],"wp:term":[{"taxonomy":"category","embeddable":true,"href":"https:\/\/www.sv-lengede.de\/svl\/wp-json\/wp\/v2\/categories?post=112"},{"taxonomy":"post_tag","embeddable":true,"href":"https:\/\/www.sv-lengede.de\/svl\/wp-json\/wp\/v2\/tags?post=112"}],"curies":[{"name":"wp","href":"https:\/\/api.w.org\/{rel}","templated":true}]}}